{"id":7365,"date":"2019-07-28T13:34:17","date_gmt":"2019-07-28T11:34:17","guid":{"rendered":"http:\/\/lesmaconsdelacreuse.fr\/annuaire\/?p=7365"},"modified":"2020-01-20T11:28:50","modified_gmt":"2020-01-20T10:28:50","slug":"l_1343","status":"publish","type":"post","link":"https:\/\/www.lesmaconsdelacreuse.fr\/annuaires\/lettre-l\/l_1343\/","title":{"rendered":"LENOIR Joseph Justin (1861-1937)"},"content":{"rendered":"<p class=\"last-updated\"><strong>Mis \u00e0 jour le :<\/strong> 30\/04\/2026<\/p><h2 style=\"text-align: center;\"><strong>Joseph Justin LENOIR<\/strong><\/h2>\n<p style=\"text-align: center;\"><strong>Joseph LENOIR<\/strong><\/p>\n<p style=\"text-align: center;\"><strong>1861 \u2013 1937<\/strong><\/p>\n<p style=\"text-align: center;\"><img loading=\"lazy\" decoding=\"async\" class=\"\" title=\"\" src=\"https:\/\/lesmaconsdelacreuse.fr\/annuaire\/wp-content\/uploads\/2019\/07\/image1-1934.jpg\" alt=\"\" width=\"383\" height=\"92\" data-source-id=\"i.0\" data-asset-id=\"7362\" \/><\/p>\n<h4 style=\"text-align: center;\"><span style=\"color: #008000;\"><strong>ma\u00e7on <\/strong>et <strong>propri\u00e9taire cultivateur<\/strong><\/span><\/h4>\n<p style=\"text-align: center;\">n\u00e9 au Planchadeau (Saint-Pierre-le-Bost)<\/p>\n<p style=\"text-align: center;\">le 26 septembre 1861<\/p>\n<p style=\"text-align: center;\">fils de<\/p>\n<p style=\"text-align: center;\">Martial LENOIR, <span style=\"color: #008000;\"><strong>ma\u00e7on <\/strong><\/span><strong>\/ <\/strong>Marie QUEYRAT<\/p>\n<p style=\"text-align: center;\">propri\u00e9taires cultivateurs<\/p>\n<p style=\"text-align: center;\"><span style=\"color: #ffffff;\">\u25d9<\/span><\/p>\n<p><strong>En 1886<\/strong><em>, Joseph travaille \u00e0 <\/em><span style=\"color: #0000ff;\"><strong>Lyon (75)<\/strong><\/span><em>.<\/em><\/p>\n<p><em>Il \u00e9pouse Adelphine Catherine <\/em><strong>SALAGNAT<\/strong><em> le 28 f\u00e9vrier <\/em><strong>1887<\/strong><em> \u00e0 Saint-Pierre\u00a0 (contrat Toumieux \u00e0 Roy\u00e8re). <\/em><\/p>\n<p><em>Il continue \u00e0 travailler \u00e0 Lyon <\/em><em>et loge d&rsquo;abord\u00a0 17, rue de la Vieille.<\/em><\/p>\n<p><strong>En 1891 et 1899<\/strong><em>, les \u00e9poux sont tous deux \u00e0 Lyon.<\/em><\/p>\n<p><em> Ils d\u00e9c\u00e8dent au Planchadeau\u00a0:<\/em><\/p>\n<ul>\n<li><em>Joseph, le 8 mai <\/em><strong>1937<\/strong><em>, \u00e2g\u00e9 de 75 ans<\/em><\/li>\n<li><em>Catherine, le 20 janvier <\/em><strong>1953<\/strong><em>, \u00e2g\u00e9e de 84 ans<\/em><\/li>\n<\/ul>\n","protected":false},"excerpt":{"rendered":"<p>Mis \u00e0 jour le : 30\/04\/2026Joseph Justin LENOIR Joseph LENOIR 1861 \u2013 1937 ma\u00e7on et propri\u00e9taire cultivateur n\u00e9 au Planchadeau (Saint-Pierre-le-Bost) le 26 septembre 1861 fils de Martial LENOIR, ma\u00e7on \/ Marie QUEYRAT propri\u00e9taires cultivateurs \u25d9 En 1886, Joseph travaille \u00e0 Lyon (75). Il \u00e9pouse Adelphine Catherine SALAGNAT le 28 f\u00e9vrier 1887 \u00e0 Saint-Pierre\u00a0 (contrat ..<\/p>\n<div class=\"clear-fix\"><\/div>\n<p><a href=\"https:\/\/www.lesmaconsdelacreuse.fr\/annuaires\/lettre-l\/l_1343\/\" title=\"Lire la suite...\">Lire la suite<\/a><\/p>\n","protected":false},"author":6,"featured_media":0,"comment_status":"closed","ping_status":"closed","sticky":false,"template":"","format":"standard","meta":{"_acf_changed":false,"_exactmetrics_skip_tracking":false,"_exactmetrics_sitenote_active":false,"_exactmetrics_sitenote_note":"","_exactmetrics_sitenote_category":0,"footnotes":""},"categories":[19],"tags":[],"class_list":["post-7365","post","type-post","status-publish","format-standard","hentry","category-lettre-l"],"acf":[],"_links":{"self":[{"href":"https:\/\/www.lesmaconsdelacreuse.fr\/annuaires\/wp-json\/wp\/v2\/posts\/7365","targetHints":{"allow":["GET"]}}],"collection":[{"href":"https:\/\/www.lesmaconsdelacreuse.fr\/annuaires\/wp-json\/wp\/v2\/posts"}],"about":[{"href":"https:\/\/www.lesmaconsdelacreuse.fr\/annuaires\/wp-json\/wp\/v2\/types\/post"}],"author":[{"embeddable":true,"href":"https:\/\/www.lesmaconsdelacreuse.fr\/annuaires\/wp-json\/wp\/v2\/users\/6"}],"replies":[{"embeddable":true,"href":"https:\/\/www.lesmaconsdelacreuse.fr\/annuaires\/wp-json\/wp\/v2\/comments?post=7365"}],"version-history":[{"count":0,"href":"https:\/\/www.lesmaconsdelacreuse.fr\/annuaires\/wp-json\/wp\/v2\/posts\/7365\/revisions"}],"wp:attachment":[{"href":"https:\/\/www.lesmaconsdelacreuse.fr\/annuaires\/wp-json\/wp\/v2\/media?parent=7365"}],"wp:term":[{"taxonomy":"category","embeddable":true,"href":"https:\/\/www.lesmaconsdelacreuse.fr\/annuaires\/wp-json\/wp\/v2\/categories?post=7365"},{"taxonomy":"post_tag","embeddable":true,"href":"https:\/\/www.lesmaconsdelacreuse.fr\/annuaires\/wp-json\/wp\/v2\/tags?post=7365"}],"curies":[{"name":"wp","href":"https:\/\/api.w.org\/{rel}","templated":true}]}}