{"id":7369,"date":"2019-07-28T13:34:16","date_gmt":"2019-07-28T11:34:16","guid":{"rendered":"http:\/\/lesmaconsdelacreuse.fr\/annuaire\/?p=7369"},"modified":"2022-04-13T17:51:41","modified_gmt":"2022-04-13T15:51:41","slug":"l_1334","status":"publish","type":"post","link":"https:\/\/www.lesmaconsdelacreuse.fr\/annuaires\/lettre-l\/l_1334\/","title":{"rendered":"LENOIR Joseph (1826-1891)"},"content":{"rendered":"<p class=\"last-updated\"><strong>Mis \u00e0 jour le :<\/strong> 30\/04\/2026<\/p><h2 style=\"text-align: center;\"><strong>Joseph LENOIR<\/strong><\/h2>\n<p style=\"text-align: center;\"><strong>1826 \u2013 1891<\/strong><\/p>\n<p style=\"text-align: center;\"><img loading=\"lazy\" decoding=\"async\" class=\"\" title=\"\" src=\"https:\/\/lesmaconsdelacreuse.fr\/annuaire\/wp-content\/uploads\/2019\/07\/image1-1936.jpg\" alt=\"\" width=\"363\" height=\"83\" data-source-id=\"i.0\" data-asset-id=\"7366\" \/><\/p>\n<h4 style=\"text-align: center;\"><strong><span style=\"color: #008000;\">entrepreneur de<\/span>\u00a0\u25ba<a href=\"https:\/\/www.lesmaconsdelacreuse.fr\/annuaires\/wp-content\/uploads\/2020\/08\/TRAVAUX-PUBLICS-1.png\"><span style=\"color: #008000;\">travaux publics<\/span><\/a><\/strong><\/h4>\n<p>&nbsp;<\/p>\n<p style=\"text-align: center;\">n\u00e9 \u00e0 Buze (Saint-Pardoux-Lavaud)<\/p>\n<p style=\"text-align: center;\">le 26 septembre 1826<\/p>\n<p style=\"text-align: center;\">fils de<\/p>\n<p style=\"text-align: center;\">Fran\u00e7ois LENOIR, <span style=\"color: #008000;\"><strong>ma\u00e7on <\/strong><\/span><strong>\/ <\/strong>Marie COLAS<\/p>\n<p style=\"text-align: center;\">propri\u00e9taires cultivateurs<\/p>\n<p style=\"text-align: center;\"><span style=\"color: #ffffff;\">\u25d9<\/span><\/p>\n<p><em>Joseph, <\/em><span style=\"color: #008000;\"><strong>ma\u00e7on<\/strong><\/span><em>, \u00e9pouse Marie <\/em><strong>P\u00c9CHALAT<\/strong><em> le 12 mars <\/em><strong>1849<\/strong><em> \u00e0 Saint-Pardoux (contrat Faure \u00e0 Saint-Martin-Ch\u00e2teau)\u00a0; il ne sait pas encore signer. Les \u00e9poux habitent d\u2019abord Buze. <\/em><\/p>\n<p><strong>En 1861<\/strong>, <em>Joseph est seul<\/em> \u00e0 <span style=\"color: #0000ff;\"><strong>Villefranche (69)<\/strong><\/span><em> .<\/em><\/p>\n<p><strong>D\u00e8s 1865<\/strong>, <em>Joseph y est <\/em><span style=\"color: #008000;\"><strong>ma\u00eetre ma\u00e7on<\/strong><\/span>, et en <strong>1886<\/strong><em>, ils y sont tous deux. <\/em><\/p>\n<p><strong>En 1872<\/strong><em>, ils y sont recens\u00e9s, 20, rue de Belleville\u00a0;<\/em><\/p>\n<p><em>\u00a0<\/em><strong>en 1876<\/strong><em>, 36, rue d\u2019Orl\u00e9ans\u00a0;<\/em><\/p>\n<p><strong>\u00a0en 1886<\/strong><em>, 36, rue \u00c9tienne Poulet<\/em><\/p>\n<p><em>\u00a0<\/em><em>Ils sont encore en <\/em><strong>1891<\/strong>.<\/p>\n<p><em>\u00a0<\/em><em>Joseph d\u00e9c\u00e8de \u00e0 cette derni\u00e8re adresse le 5 f\u00e9vrier de la m\u00eame ann\u00e9e, \u00e2g\u00e9 de 64 ans.<\/em><\/p>\n","protected":false},"excerpt":{"rendered":"<p>Mis \u00e0 jour le : 30\/04\/2026Joseph LENOIR 1826 \u2013 1891 entrepreneur de\u00a0\u25batravaux publics &nbsp; n\u00e9 \u00e0 Buze (Saint-Pardoux-Lavaud) le 26 septembre 1826 fils de Fran\u00e7ois LENOIR, ma\u00e7on \/ Marie COLAS propri\u00e9taires cultivateurs \u25d9 Joseph, ma\u00e7on, \u00e9pouse Marie P\u00c9CHALAT le 12 mars 1849 \u00e0 Saint-Pardoux (contrat Faure \u00e0 Saint-Martin-Ch\u00e2teau)\u00a0; il ne sait pas encore signer. Les ..<\/p>\n<div class=\"clear-fix\"><\/div>\n<p><a href=\"https:\/\/www.lesmaconsdelacreuse.fr\/annuaires\/lettre-l\/l_1334\/\" title=\"Lire la suite...\">Lire la suite<\/a><\/p>\n","protected":false},"author":6,"featured_media":0,"comment_status":"closed","ping_status":"closed","sticky":false,"template":"","format":"standard","meta":{"_acf_changed":false,"_exactmetrics_skip_tracking":false,"_exactmetrics_sitenote_active":false,"_exactmetrics_sitenote_note":"","_exactmetrics_sitenote_category":0,"footnotes":""},"categories":[19],"tags":[],"class_list":["post-7369","post","type-post","status-publish","format-standard","hentry","category-lettre-l"],"acf":[],"_links":{"self":[{"href":"https:\/\/www.lesmaconsdelacreuse.fr\/annuaires\/wp-json\/wp\/v2\/posts\/7369","targetHints":{"allow":["GET"]}}],"collection":[{"href":"https:\/\/www.lesmaconsdelacreuse.fr\/annuaires\/wp-json\/wp\/v2\/posts"}],"about":[{"href":"https:\/\/www.lesmaconsdelacreuse.fr\/annuaires\/wp-json\/wp\/v2\/types\/post"}],"author":[{"embeddable":true,"href":"https:\/\/www.lesmaconsdelacreuse.fr\/annuaires\/wp-json\/wp\/v2\/users\/6"}],"replies":[{"embeddable":true,"href":"https:\/\/www.lesmaconsdelacreuse.fr\/annuaires\/wp-json\/wp\/v2\/comments?post=7369"}],"version-history":[{"count":2,"href":"https:\/\/www.lesmaconsdelacreuse.fr\/annuaires\/wp-json\/wp\/v2\/posts\/7369\/revisions"}],"predecessor-version":[{"id":197526,"href":"https:\/\/www.lesmaconsdelacreuse.fr\/annuaires\/wp-json\/wp\/v2\/posts\/7369\/revisions\/197526"}],"wp:attachment":[{"href":"https:\/\/www.lesmaconsdelacreuse.fr\/annuaires\/wp-json\/wp\/v2\/media?parent=7369"}],"wp:term":[{"taxonomy":"category","embeddable":true,"href":"https:\/\/www.lesmaconsdelacreuse.fr\/annuaires\/wp-json\/wp\/v2\/categories?post=7369"},{"taxonomy":"post_tag","embeddable":true,"href":"https:\/\/www.lesmaconsdelacreuse.fr\/annuaires\/wp-json\/wp\/v2\/tags?post=7369"}],"curies":[{"name":"wp","href":"https:\/\/api.w.org\/{rel}","templated":true}]}}