{"id":7378,"date":"2019-07-28T13:34:16","date_gmt":"2019-07-28T11:34:16","guid":{"rendered":"http:\/\/lesmaconsdelacreuse.fr\/annuaire\/?p=7378"},"modified":"2021-12-14T15:03:57","modified_gmt":"2021-12-14T14:03:57","slug":"l_1323","status":"publish","type":"post","link":"https:\/\/www.lesmaconsdelacreuse.fr\/annuaires\/lettre-l\/l_1323\/","title":{"rendered":"LENOIR Jean (1857-1899)"},"content":{"rendered":"<p class=\"last-updated\"><strong>Mis \u00e0 jour le :<\/strong> 30\/04\/2026<\/p><h2 style=\"text-align: center;\"><strong>Jean LENOIR<\/strong><\/h2>\n<p style=\"text-align: center;\"><strong>1857 \u2013 1899<\/strong><\/p>\n<p style=\"text-align: center;\"><img decoding=\"async\" title=\"\" src=\"https:\/\/lesmaconsdelacreuse.fr\/annuaire\/wp-content\/uploads\/2019\/07\/image1-1941.jpg\" alt=\"\" data-source-id=\"i.0\" data-asset-id=\"7376\" \/><\/p>\n<h4 style=\"text-align: center;\"><span style=\"color: #008000;\"><strong>ma\u00e7on<\/strong><\/span><\/h4>\n<p style=\"text-align: center;\">n\u00e9 \u00e0 La Faurie (Saint-Moreil)<\/p>\n<p style=\"text-align: center;\">le 6 septembre 1857<\/p>\n<p style=\"text-align: center;\">fils de<\/p>\n<p style=\"text-align: center;\">Jean-Baptiste Fran\u00e7ois LENOIR, <span style=\"color: #008000;\"><strong>ma\u00e7on <\/strong><\/span><strong>\/ <\/strong>Marie CHAUNIER<\/p>\n<p style=\"text-align: center;\">propri\u00e9taires cultivateurs<\/p>\n<p style=\"text-align: center;\"><span style=\"color: #ffffff;\">\u25d9<\/span><\/p>\n<p><em>Jean travaille \u00e0 <\/em><span style=\"color: #0000ff;\"><strong>Lyon (69)<\/strong><\/span><em><span style=\"color: #0000ff;\">,<\/span> et loge 53, rue de Bonnel.<\/em><\/p>\n<p><em>Il \u00e9pouse Gabrielle <\/em><strong>VILLATTE<\/strong><em> le 23 f\u00e9vrier <\/em><strong>1884<\/strong><em> \u00e0 Saint-Moreil\u00a0(contrat Nony \u00e0 Eymoutiers). Ils habitent La Faurie.<\/em><\/p>\n<p><em>Jean continue \u00e0 travailler \u00e0 Lyon et loge d&rsquo;abord <\/em><em>\u00a081, rue des Charmettes ;<\/em><\/p>\n<p><strong>en 1885<\/strong><em>, 267, rue Duguesclin.<\/em><\/p>\n<p><em>Il d\u00e9c\u00e8de \u00e0 <\/em><span style=\"color: #0000ff;\"><strong>\u00c9cully (69)<\/strong><\/span><em> le 5 novembre <\/em><strong>1899<\/strong><em>, \u00e2g\u00e9 de 42 ans. <\/em><\/p>\n<p><em>Sa veuve se remarie avec L\u00e9onard COUPET, aussi ma\u00e7on, et d\u00e9c\u00e8de \u00e0 La Faurie le 1er mars <\/em><strong>1934<\/strong><em>, \u00e2g\u00e9e de 68 ans.<\/em><\/p>\n","protected":false},"excerpt":{"rendered":"<p>Mis \u00e0 jour le : 30\/04\/2026Jean LENOIR 1857 \u2013 1899 ma\u00e7on n\u00e9 \u00e0 La Faurie (Saint-Moreil) le 6 septembre 1857 fils de Jean-Baptiste Fran\u00e7ois LENOIR, ma\u00e7on \/ Marie CHAUNIER propri\u00e9taires cultivateurs \u25d9 Jean travaille \u00e0 Lyon (69), et loge 53, rue de Bonnel. Il \u00e9pouse Gabrielle VILLATTE le 23 f\u00e9vrier 1884 \u00e0 Saint-Moreil\u00a0(contrat Nony \u00e0 ..<\/p>\n<div class=\"clear-fix\"><\/div>\n<p><a href=\"https:\/\/www.lesmaconsdelacreuse.fr\/annuaires\/lettre-l\/l_1323\/\" title=\"Lire la suite...\">Lire la suite<\/a><\/p>\n","protected":false},"author":6,"featured_media":0,"comment_status":"closed","ping_status":"closed","sticky":false,"template":"","format":"standard","meta":{"_acf_changed":false,"_exactmetrics_skip_tracking":false,"_exactmetrics_sitenote_active":false,"_exactmetrics_sitenote_note":"","_exactmetrics_sitenote_category":0,"footnotes":""},"categories":[19],"tags":[],"class_list":["post-7378","post","type-post","status-publish","format-standard","hentry","category-lettre-l"],"acf":[],"_links":{"self":[{"href":"https:\/\/www.lesmaconsdelacreuse.fr\/annuaires\/wp-json\/wp\/v2\/posts\/7378","targetHints":{"allow":["GET"]}}],"collection":[{"href":"https:\/\/www.lesmaconsdelacreuse.fr\/annuaires\/wp-json\/wp\/v2\/posts"}],"about":[{"href":"https:\/\/www.lesmaconsdelacreuse.fr\/annuaires\/wp-json\/wp\/v2\/types\/post"}],"author":[{"embeddable":true,"href":"https:\/\/www.lesmaconsdelacreuse.fr\/annuaires\/wp-json\/wp\/v2\/users\/6"}],"replies":[{"embeddable":true,"href":"https:\/\/www.lesmaconsdelacreuse.fr\/annuaires\/wp-json\/wp\/v2\/comments?post=7378"}],"version-history":[{"count":2,"href":"https:\/\/www.lesmaconsdelacreuse.fr\/annuaires\/wp-json\/wp\/v2\/posts\/7378\/revisions"}],"predecessor-version":[{"id":193153,"href":"https:\/\/www.lesmaconsdelacreuse.fr\/annuaires\/wp-json\/wp\/v2\/posts\/7378\/revisions\/193153"}],"wp:attachment":[{"href":"https:\/\/www.lesmaconsdelacreuse.fr\/annuaires\/wp-json\/wp\/v2\/media?parent=7378"}],"wp:term":[{"taxonomy":"category","embeddable":true,"href":"https:\/\/www.lesmaconsdelacreuse.fr\/annuaires\/wp-json\/wp\/v2\/categories?post=7378"},{"taxonomy":"post_tag","embeddable":true,"href":"https:\/\/www.lesmaconsdelacreuse.fr\/annuaires\/wp-json\/wp\/v2\/tags?post=7378"}],"curies":[{"name":"wp","href":"https:\/\/api.w.org\/{rel}","templated":true}]}}