{"id":7393,"date":"2019-07-28T13:34:15","date_gmt":"2019-07-28T11:34:15","guid":{"rendered":"http:\/\/lesmaconsdelacreuse.fr\/annuaire\/?p=7393"},"modified":"2022-04-13T16:53:57","modified_gmt":"2022-04-13T14:53:57","slug":"l_1305","status":"publish","type":"post","link":"https:\/\/www.lesmaconsdelacreuse.fr\/annuaires\/lettre-l\/l_1305\/","title":{"rendered":"LENOIR Jean (1811-1867)"},"content":{"rendered":"<p class=\"last-updated\"><strong>Mis \u00e0 jour le :<\/strong> 30\/04\/2026<\/p><h2 style=\"text-align: center;\"><strong>Jean LENOIR<\/strong><\/h2>\n<p style=\"text-align: center;\"><strong>1811 \u2013 1867<\/strong><\/p>\n<p style=\"text-align: center;\"><img decoding=\"async\" title=\"\" src=\"https:\/\/lesmaconsdelacreuse.fr\/annuaire\/wp-content\/uploads\/2019\/07\/image1-1946.jpg\" alt=\"\" data-source-id=\"i.0\" data-asset-id=\"7391\" \/><\/p>\n<h4 style=\"text-align: center;\"><span style=\"color: #008000;\"><strong>ma\u00e7on<\/strong><\/span><\/h4>\n<p>&nbsp;<\/p>\n<p style=\"text-align: center;\">n\u00e9 \u00e0 Morterolles<\/p>\n<p style=\"text-align: center;\">en novembre 1811, <em>selon \u25ba<a href=\"https:\/\/www.lesmaconsdelacreuse.fr\/annuaires\/wp-content\/uploads\/2019\/08\/ACTE-DE-NOTORI\u00c9T\u00c9.png\" target=\"_blank\" rel=\"noopener noreferrer\">acte de notori\u00e9t\u00e9<\/a><\/em><\/p>\n<p style=\"text-align: center;\">fils de<\/p>\n<p style=\"text-align: center;\">L\u00e9onard LENOIR, <span style=\"color: #008000;\"><strong>ma\u00e7on<\/strong><\/span><\/p>\n<p style=\"text-align: center;\">Marie ROUGAT, cultivatrice<\/p>\n<p style=\"text-align: center;\"><span style=\"color: #ffffff;\">\u25d9<\/span><\/p>\n<p><strong>En 1848<\/strong><em>, Jean travaille \u00e0 <\/em><span style=\"color: #0000ff;\"><strong>Chasselay<\/strong> <strong>(69)<\/strong><\/span><em>.<\/em><\/p>\n<p><em>Il y \u00e9pouse Fran\u00e7oise <\/em><strong>GRANDJEAN<\/strong><em> , propri\u00e9taire native de Sa\u00f4ne-et-Loire, le 17 avril de la m\u00eame ann\u00e9e . Cet acte l\u00e9gitime un fils n\u00e9 d\u2019eux auparavant.<\/em><\/p>\n<p><strong>En 1849<\/strong><em>, ils sont toujours \u00e0 Chasselay\u00a0;<\/em><\/p>\n<p><em>Ensuite \u00e0 <\/em><span style=\"color: #0000ff;\"><strong>Lyon (69)<\/strong><\/span><em>, <\/em><strong>de 1850 \u00e0 1864<\/strong><em>, ils habitent 17, rue Masson, 1er arrondissement, 40, Mont\u00e9e de la Grande C\u00f4te, Lyon 1er\u00a0; rue de Cr\u00e9qui, Lyon 3e.<\/em><\/p>\n<p><em>Pendant ce laps de temps, Jean est incarc\u00e9r\u00e9 5 fois \u00e0 la \u25ba<a href=\"https:\/\/www.lesmaconsdelacreuse.fr\/annuaires\/wp-content\/uploads\/2020\/08\/PRISON-SAINT-PAUL.png\" target=\"_blank\" rel=\"noopener noreferrer\">prison Saint-Paul<\/a>, puis transf\u00e9r\u00e9 \u00e0 la <a href=\"https:\/\/www.lesmaconsdelacreuse.fr\/annuaires\/\/wp-content\/uploads\/LEXIQUE\/PRISON_SAINT-JOSEPH.pdf\" target=\"_blank\" rel=\"noopener noreferrer\">\u25ba<\/a><a href=\"https:\/\/www.lesmaconsdelacreuse.fr\/annuaires\/wp-content\/uploads\/2020\/07\/PRISON-SAINT-JOSEPH.png\" target=\"_blank\" rel=\"noopener noreferrer\">prison Saint-Joseph<\/a> pour vol, complicit\u00e9 et \u25ba<a href=\"https:\/\/www.lesmaconsdelacreuse.fr\/annuaires\/wp-content\/uploads\/2020\/08\/VAGABONDAGE.png\" target=\"_blank\" rel=\"noopener noreferrer\">vagabondage<\/a> .<\/em><\/p>\n<p><em>Il d\u00e9c\u00e8de \u00e0 <\/em><span style=\"color: #0000ff;\"><strong>M\u00e2con (71)<\/strong><\/span><em> le 21 septembre <\/em><strong>1867<\/strong><em>, \u00e2g\u00e9 de 55 ans.<\/em><\/p>\n","protected":false},"excerpt":{"rendered":"<p>Mis \u00e0 jour le : 30\/04\/2026Jean LENOIR 1811 \u2013 1867 ma\u00e7on &nbsp; n\u00e9 \u00e0 Morterolles en novembre 1811, selon \u25baacte de notori\u00e9t\u00e9 fils de L\u00e9onard LENOIR, ma\u00e7on Marie ROUGAT, cultivatrice \u25d9 En 1848, Jean travaille \u00e0 Chasselay (69). Il y \u00e9pouse Fran\u00e7oise GRANDJEAN , propri\u00e9taire native de Sa\u00f4ne-et-Loire, le 17 avril de la m\u00eame ann\u00e9e ..<\/p>\n<div class=\"clear-fix\"><\/div>\n<p><a href=\"https:\/\/www.lesmaconsdelacreuse.fr\/annuaires\/lettre-l\/l_1305\/\" title=\"Lire la suite...\">Lire la suite<\/a><\/p>\n","protected":false},"author":6,"featured_media":0,"comment_status":"closed","ping_status":"closed","sticky":false,"template":"","format":"standard","meta":{"_acf_changed":false,"_exactmetrics_skip_tracking":false,"_exactmetrics_sitenote_active":false,"_exactmetrics_sitenote_note":"","_exactmetrics_sitenote_category":0,"footnotes":""},"categories":[19],"tags":[],"class_list":["post-7393","post","type-post","status-publish","format-standard","hentry","category-lettre-l"],"acf":[],"_links":{"self":[{"href":"https:\/\/www.lesmaconsdelacreuse.fr\/annuaires\/wp-json\/wp\/v2\/posts\/7393","targetHints":{"allow":["GET"]}}],"collection":[{"href":"https:\/\/www.lesmaconsdelacreuse.fr\/annuaires\/wp-json\/wp\/v2\/posts"}],"about":[{"href":"https:\/\/www.lesmaconsdelacreuse.fr\/annuaires\/wp-json\/wp\/v2\/types\/post"}],"author":[{"embeddable":true,"href":"https:\/\/www.lesmaconsdelacreuse.fr\/annuaires\/wp-json\/wp\/v2\/users\/6"}],"replies":[{"embeddable":true,"href":"https:\/\/www.lesmaconsdelacreuse.fr\/annuaires\/wp-json\/wp\/v2\/comments?post=7393"}],"version-history":[{"count":2,"href":"https:\/\/www.lesmaconsdelacreuse.fr\/annuaires\/wp-json\/wp\/v2\/posts\/7393\/revisions"}],"predecessor-version":[{"id":197522,"href":"https:\/\/www.lesmaconsdelacreuse.fr\/annuaires\/wp-json\/wp\/v2\/posts\/7393\/revisions\/197522"}],"wp:attachment":[{"href":"https:\/\/www.lesmaconsdelacreuse.fr\/annuaires\/wp-json\/wp\/v2\/media?parent=7393"}],"wp:term":[{"taxonomy":"category","embeddable":true,"href":"https:\/\/www.lesmaconsdelacreuse.fr\/annuaires\/wp-json\/wp\/v2\/categories?post=7393"},{"taxonomy":"post_tag","embeddable":true,"href":"https:\/\/www.lesmaconsdelacreuse.fr\/annuaires\/wp-json\/wp\/v2\/tags?post=7393"}],"curies":[{"name":"wp","href":"https:\/\/api.w.org\/{rel}","templated":true}]}}