{"id":7396,"date":"2019-07-28T13:34:16","date_gmt":"2019-07-28T11:34:16","guid":{"rendered":"http:\/\/lesmaconsdelacreuse.fr\/annuaire\/?p=7396"},"modified":"2020-10-11T15:02:03","modified_gmt":"2020-10-11T13:02:03","slug":"l_1333","status":"publish","type":"post","link":"https:\/\/www.lesmaconsdelacreuse.fr\/annuaires\/lettre-l\/l_1333\/","title":{"rendered":"LENOIR Joseph (1796-1860)"},"content":{"rendered":"<p class=\"last-updated\"><strong>Mis \u00e0 jour le :<\/strong> 30\/04\/2026<\/p><h2 style=\"text-align: center;\"><strong>Joseph LENOIR<\/strong><\/h2>\n<p style=\"text-align: center;\"><strong>1796 \u2013 1860<\/strong><\/p>\n<p style=\"text-align: center;\"><img decoding=\"async\" title=\"\" src=\"https:\/\/lesmaconsdelacreuse.fr\/annuaire\/wp-content\/uploads\/2019\/07\/image1-1945.jpg\" alt=\"\" data-source-id=\"i.0\" data-asset-id=\"7389\" \/><\/p>\n<h4 style=\"text-align: center;\"><span style=\"color: #008000;\"><strong>ma\u00e7on <\/strong>et <strong>propri\u00e9taire cultivateur<\/strong><\/span><\/h4>\n<p>&nbsp;<\/p>\n<p style=\"text-align: center;\">n\u00e9 \u00e0 Saint-Pardoux-Lavaud<\/p>\n<p style=\"text-align: center;\">le 20 vent\u00f4se an IV (10 mars 1796)<\/p>\n<p style=\"text-align: center;\">fils de<\/p>\n<p style=\"text-align: center;\">Jean LENOIR \/ Marie LAGAYE<\/p>\n<p style=\"text-align: center;\">\u25ba<a href=\"https:\/\/www.lesmaconsdelacreuse.fr\/annuaires\/wp-content\/uploads\/2020\/08\/FERMIER-M\u00c9TAYER.png\" target=\"_blank\" rel=\"noopener noreferrer\">m\u00e9tayers<\/a><\/p>\n<p style=\"text-align: center;\"><span style=\"color: #ffffff;\">\u25d9<\/span><\/p>\n<p><em>Joseph \u00e9pouse Marguerite <\/em><strong>NOURRISSEAU<\/strong><em>, veuve de Jean-Baptiste BRUN,<\/em><strong> l<\/strong><em>e 17 mars <\/em><strong>1829<\/strong><em> \u00e0 Saint-Martin-Ch\u00e2teau (contrat Jarrijon). Ils habitent Prasinat, commune de Saint-Martin. <\/em><\/p>\n<p><em>Marguerite d\u00e9c\u00e8de \u00e0 La Seauve, m\u00eame commune, le 11 mars <\/em><strong>1835<\/strong><em>, \u00e2g\u00e9e de 37 ans. <\/em><\/p>\n<p><em>Joseph \u00e9pouse Jeanne <\/em><strong>VALETTE<\/strong><em> le 22 mars <\/em><strong>1836<\/strong><em>\u00a0 \u00e0 Saint-Marc-\u00e0-Loubaud.<\/em><\/p>\n<p><em>Elle d\u00e9c\u00e8de \u00e0 Prasinat le 13 mai <\/em><strong>1852<\/strong><em>, \u00e2g\u00e9e de 42 ans.<\/em><\/p>\n<p><em> Joseph se remarie le 19 f\u00e9vrier <\/em><strong>1855<\/strong> <em>\u00e0 Saint-Martin avec Jeanne <\/em><strong>VIEILLAUD<\/strong><em> (contrat Faure).<\/em><\/p>\n<p><em>Ils d\u00e9c\u00e8dent\u00a0:<\/em><\/p>\n<ul>\n<li><em> Joseph, \u00e0 Prasinat ,le 16 janvier <\/em><strong>1860<\/strong>,<em> \u00e2g\u00e9 de 63 ans<\/em><\/li>\n<li><em> Jeanne, \u00e0 Haute-Faye, commune de Roy\u00e8re, le 21 juillet <\/em><strong>1862<\/strong><em>, \u00e2g\u00e9e de 47 ans<\/em><\/li>\n<\/ul>\n<p><em>\u00a0<\/em><\/p>\n","protected":false},"excerpt":{"rendered":"<p>Mis \u00e0 jour le : 30\/04\/2026Joseph LENOIR 1796 \u2013 1860 ma\u00e7on et propri\u00e9taire cultivateur &nbsp; n\u00e9 \u00e0 Saint-Pardoux-Lavaud le 20 vent\u00f4se an IV (10 mars 1796) fils de Jean LENOIR \/ Marie LAGAYE \u25bam\u00e9tayers \u25d9 Joseph \u00e9pouse Marguerite NOURRISSEAU, veuve de Jean-Baptiste BRUN, le 17 mars 1829 \u00e0 Saint-Martin-Ch\u00e2teau (contrat Jarrijon). Ils habitent Prasinat, commune ..<\/p>\n<div class=\"clear-fix\"><\/div>\n<p><a href=\"https:\/\/www.lesmaconsdelacreuse.fr\/annuaires\/lettre-l\/l_1333\/\" title=\"Lire la suite...\">Lire la suite<\/a><\/p>\n","protected":false},"author":6,"featured_media":0,"comment_status":"closed","ping_status":"closed","sticky":false,"template":"","format":"standard","meta":{"_acf_changed":false,"_exactmetrics_skip_tracking":false,"_exactmetrics_sitenote_active":false,"_exactmetrics_sitenote_note":"","_exactmetrics_sitenote_category":0,"footnotes":""},"categories":[19],"tags":[],"class_list":["post-7396","post","type-post","status-publish","format-standard","hentry","category-lettre-l"],"acf":[],"_links":{"self":[{"href":"https:\/\/www.lesmaconsdelacreuse.fr\/annuaires\/wp-json\/wp\/v2\/posts\/7396","targetHints":{"allow":["GET"]}}],"collection":[{"href":"https:\/\/www.lesmaconsdelacreuse.fr\/annuaires\/wp-json\/wp\/v2\/posts"}],"about":[{"href":"https:\/\/www.lesmaconsdelacreuse.fr\/annuaires\/wp-json\/wp\/v2\/types\/post"}],"author":[{"embeddable":true,"href":"https:\/\/www.lesmaconsdelacreuse.fr\/annuaires\/wp-json\/wp\/v2\/users\/6"}],"replies":[{"embeddable":true,"href":"https:\/\/www.lesmaconsdelacreuse.fr\/annuaires\/wp-json\/wp\/v2\/comments?post=7396"}],"version-history":[{"count":0,"href":"https:\/\/www.lesmaconsdelacreuse.fr\/annuaires\/wp-json\/wp\/v2\/posts\/7396\/revisions"}],"wp:attachment":[{"href":"https:\/\/www.lesmaconsdelacreuse.fr\/annuaires\/wp-json\/wp\/v2\/media?parent=7396"}],"wp:term":[{"taxonomy":"category","embeddable":true,"href":"https:\/\/www.lesmaconsdelacreuse.fr\/annuaires\/wp-json\/wp\/v2\/categories?post=7396"},{"taxonomy":"post_tag","embeddable":true,"href":"https:\/\/www.lesmaconsdelacreuse.fr\/annuaires\/wp-json\/wp\/v2\/tags?post=7396"}],"curies":[{"name":"wp","href":"https:\/\/api.w.org\/{rel}","templated":true}]}}