{"id":7407,"date":"2019-07-28T13:34:15","date_gmt":"2019-07-28T11:34:15","guid":{"rendered":"http:\/\/lesmaconsdelacreuse.fr\/annuaire\/?p=7407"},"modified":"2020-01-20T11:28:53","modified_gmt":"2020-01-20T10:28:53","slug":"l_1336","status":"publish","type":"post","link":"https:\/\/www.lesmaconsdelacreuse.fr\/annuaires\/lettre-l\/l_1336\/","title":{"rendered":"LENOIR Joseph (1829-1902)"},"content":{"rendered":"<p class=\"last-updated\"><strong>Mis \u00e0 jour le :<\/strong> 30\/04\/2026<\/p><h2 style=\"text-align: center;\"><strong>Joseph LENOIR<\/strong><\/h2>\n<p style=\"text-align: center;\"><strong>1829 \u2013 1902<\/strong><\/p>\n<p style=\"text-align: center;\"><img decoding=\"async\" title=\"\" src=\"https:\/\/lesmaconsdelacreuse.fr\/annuaire\/wp-content\/uploads\/2019\/07\/image1-1950.jpg\" alt=\"\" data-source-id=\"i.0\" data-asset-id=\"7402\" \/><\/p>\n<h4 style=\"text-align: center;\"><span style=\"color: #008000;\"><strong>ma\u00e7on<\/strong> et <strong>cultivateur<\/strong><\/span><\/h4>\n<p style=\"text-align: center;\">n\u00e9 \u00e0 Buze (Saint-Pardoux-Lavaud)<\/p>\n<p style=\"text-align: center;\">le 12 novembre 1829<\/p>\n<p style=\"text-align: center;\">fils de<\/p>\n<p style=\"text-align: center;\">Fran\u00e7ois LENOIR \/ Marie COLAS<\/p>\n<p style=\"text-align: center;\">propri\u00e9taires cultivateurs<\/p>\n<p style=\"text-align: center;\"><span style=\"color: #ffffff;\">\u25d9<\/span><\/p>\n<p><strong>En 1872<\/strong><em>, Joseph travaille \u00e0 <\/em><span style=\"color: #0000ff;\"><strong>Lyon (69)<\/strong><\/span><em> et loge 60, chemin de Gerland.<\/em><\/p>\n<p><em>Il \u00e9pouse Anne Catherine <\/em><strong>BATLIPLAOUCHE<\/strong><em> le 3 f\u00e9vrier de la m\u00eame ann\u00e9e \u00e0 Lyon<\/em> <em>3e (mari\u00e9s sans contrat). <\/em><\/p>\n<p><em>La m\u00eame ann\u00e9e<\/em>, <em>les \u00e9poux habitent chemin Cures, 3e\u00a0 arrondissement;<\/em><\/p>\n<p><strong>en 1876<\/strong><em>, chemin de Gerland, dans le 7e.<\/em><\/p>\n<p><em>Ils d\u00e9c\u00e8dent en leur domicile, 14, chemin des Grenouilles, 5e\u00a0 arrondissement\u00a0:<\/em><\/p>\n<ul>\n<li><em>Joseph, le 31 mars <\/em><strong>1902<\/strong><em>, \u00e2g\u00e9 de 72 ans<\/em><\/li>\n<li><em>Anne Catherine, le 27 ao\u00fbt <\/em><strong>1908<\/strong><em>, \u00e2g\u00e9e de 77 ans<\/em><\/li>\n<\/ul>\n","protected":false},"excerpt":{"rendered":"<p>Mis \u00e0 jour le : 30\/04\/2026Joseph LENOIR 1829 \u2013 1902 ma\u00e7on et cultivateur n\u00e9 \u00e0 Buze (Saint-Pardoux-Lavaud) le 12 novembre 1829 fils de Fran\u00e7ois LENOIR \/ Marie COLAS propri\u00e9taires cultivateurs \u25d9 En 1872, Joseph travaille \u00e0 Lyon (69) et loge 60, chemin de Gerland. Il \u00e9pouse Anne Catherine BATLIPLAOUCHE le 3 f\u00e9vrier de la m\u00eame ..<\/p>\n<div class=\"clear-fix\"><\/div>\n<p><a href=\"https:\/\/www.lesmaconsdelacreuse.fr\/annuaires\/lettre-l\/l_1336\/\" title=\"Lire la suite...\">Lire la suite<\/a><\/p>\n","protected":false},"author":6,"featured_media":0,"comment_status":"closed","ping_status":"closed","sticky":false,"template":"","format":"standard","meta":{"_acf_changed":false,"_exactmetrics_skip_tracking":false,"_exactmetrics_sitenote_active":false,"_exactmetrics_sitenote_note":"","_exactmetrics_sitenote_category":0,"footnotes":""},"categories":[19],"tags":[],"class_list":["post-7407","post","type-post","status-publish","format-standard","hentry","category-lettre-l"],"acf":[],"_links":{"self":[{"href":"https:\/\/www.lesmaconsdelacreuse.fr\/annuaires\/wp-json\/wp\/v2\/posts\/7407","targetHints":{"allow":["GET"]}}],"collection":[{"href":"https:\/\/www.lesmaconsdelacreuse.fr\/annuaires\/wp-json\/wp\/v2\/posts"}],"about":[{"href":"https:\/\/www.lesmaconsdelacreuse.fr\/annuaires\/wp-json\/wp\/v2\/types\/post"}],"author":[{"embeddable":true,"href":"https:\/\/www.lesmaconsdelacreuse.fr\/annuaires\/wp-json\/wp\/v2\/users\/6"}],"replies":[{"embeddable":true,"href":"https:\/\/www.lesmaconsdelacreuse.fr\/annuaires\/wp-json\/wp\/v2\/comments?post=7407"}],"version-history":[{"count":0,"href":"https:\/\/www.lesmaconsdelacreuse.fr\/annuaires\/wp-json\/wp\/v2\/posts\/7407\/revisions"}],"wp:attachment":[{"href":"https:\/\/www.lesmaconsdelacreuse.fr\/annuaires\/wp-json\/wp\/v2\/media?parent=7407"}],"wp:term":[{"taxonomy":"category","embeddable":true,"href":"https:\/\/www.lesmaconsdelacreuse.fr\/annuaires\/wp-json\/wp\/v2\/categories?post=7407"},{"taxonomy":"post_tag","embeddable":true,"href":"https:\/\/www.lesmaconsdelacreuse.fr\/annuaires\/wp-json\/wp\/v2\/tags?post=7407"}],"curies":[{"name":"wp","href":"https:\/\/api.w.org\/{rel}","templated":true}]}}