{"id":7408,"date":"2019-07-28T13:34:15","date_gmt":"2019-07-28T11:34:15","guid":{"rendered":"http:\/\/lesmaconsdelacreuse.fr\/annuaire\/?p=7408"},"modified":"2020-01-20T11:28:53","modified_gmt":"2020-01-20T10:28:53","slug":"l_1354","status":"publish","type":"post","link":"https:\/\/www.lesmaconsdelacreuse.fr\/annuaires\/lettre-l\/l_1354\/","title":{"rendered":"LENOIR L\u00e9onard (vers 1741-1831)"},"content":{"rendered":"<p class=\"last-updated\"><strong>Mis \u00e0 jour le :<\/strong> 30\/04\/2026<\/p><h2 style=\"text-align: center;\"><strong>L\u00e9onard LENOIR<\/strong><\/h2>\n<p style=\"text-align: center;\"><strong>vers 1741 \u2013 1831<\/strong><\/p>\n<p style=\"text-align: center;\"><img decoding=\"async\" title=\"\" src=\"https:\/\/lesmaconsdelacreuse.fr\/annuaire\/wp-content\/uploads\/2019\/07\/image1-1951.jpg\" alt=\"\" data-source-id=\"i.0\" data-asset-id=\"7405\" \/><\/p>\n<h4 style=\"text-align: center;\"><span style=\"color: #008000;\"><strong>ma\u00e7on <\/strong>et <strong>propri\u00e9taire cultivateur<\/strong><\/span><\/h4>\n<p style=\"text-align: center;\">fils de<\/p>\n<p style=\"text-align: center;\">L\u00e9onard LENOIR \/ Fran\u00e7oise BOULANGER<\/p>\n<p style=\"text-align: center;\">cultivateurs<\/p>\n<p style=\"text-align: center;\"><span style=\"color: #ffffff;\">\u25d9<\/span><\/p>\n<p><strong>Avant 1783<\/strong><em>, L\u00e9onard \u00e9pouse Marie <\/em><strong>PARADE<\/strong>\u00a0<em> \u00e0 St Pardoux ? Ils habitent Beaubier, paroisse de Roy\u00e8re, puis Haute-Faye.<\/em><\/p>\n<p><em>Ils d\u00e9c\u00e8dent \u00e0 Haute-Faye\u00a0:<\/em><\/p>\n<ul>\n<li><em>L\u00e9onard, le 3 octobre <\/em><strong>1831<\/strong>, <em>\u00e2g\u00e9 de 90 ans<\/em><\/li>\n<li><em>Marie, le 10 d\u00e9cembre <\/em><strong>1839<\/strong><em>, \u00e2g\u00e9e de 78 ans<\/em><\/li>\n<\/ul>\n","protected":false},"excerpt":{"rendered":"<p>Mis \u00e0 jour le : 30\/04\/2026L\u00e9onard LENOIR vers 1741 \u2013 1831 ma\u00e7on et propri\u00e9taire cultivateur fils de L\u00e9onard LENOIR \/ Fran\u00e7oise BOULANGER cultivateurs \u25d9 Avant 1783, L\u00e9onard \u00e9pouse Marie PARADE\u00a0 \u00e0 St Pardoux ? Ils habitent Beaubier, paroisse de Roy\u00e8re, puis Haute-Faye. Ils d\u00e9c\u00e8dent \u00e0 Haute-Faye\u00a0: L\u00e9onard, le 3 octobre 1831, \u00e2g\u00e9 de 90 ans ..<\/p>\n<div class=\"clear-fix\"><\/div>\n<p><a href=\"https:\/\/www.lesmaconsdelacreuse.fr\/annuaires\/lettre-l\/l_1354\/\" title=\"Lire la suite...\">Lire la suite<\/a><\/p>\n","protected":false},"author":6,"featured_media":0,"comment_status":"closed","ping_status":"closed","sticky":false,"template":"","format":"standard","meta":{"_acf_changed":false,"_exactmetrics_skip_tracking":false,"_exactmetrics_sitenote_active":false,"_exactmetrics_sitenote_note":"","_exactmetrics_sitenote_category":0,"footnotes":""},"categories":[19],"tags":[],"class_list":["post-7408","post","type-post","status-publish","format-standard","hentry","category-lettre-l"],"acf":[],"_links":{"self":[{"href":"https:\/\/www.lesmaconsdelacreuse.fr\/annuaires\/wp-json\/wp\/v2\/posts\/7408","targetHints":{"allow":["GET"]}}],"collection":[{"href":"https:\/\/www.lesmaconsdelacreuse.fr\/annuaires\/wp-json\/wp\/v2\/posts"}],"about":[{"href":"https:\/\/www.lesmaconsdelacreuse.fr\/annuaires\/wp-json\/wp\/v2\/types\/post"}],"author":[{"embeddable":true,"href":"https:\/\/www.lesmaconsdelacreuse.fr\/annuaires\/wp-json\/wp\/v2\/users\/6"}],"replies":[{"embeddable":true,"href":"https:\/\/www.lesmaconsdelacreuse.fr\/annuaires\/wp-json\/wp\/v2\/comments?post=7408"}],"version-history":[{"count":0,"href":"https:\/\/www.lesmaconsdelacreuse.fr\/annuaires\/wp-json\/wp\/v2\/posts\/7408\/revisions"}],"wp:attachment":[{"href":"https:\/\/www.lesmaconsdelacreuse.fr\/annuaires\/wp-json\/wp\/v2\/media?parent=7408"}],"wp:term":[{"taxonomy":"category","embeddable":true,"href":"https:\/\/www.lesmaconsdelacreuse.fr\/annuaires\/wp-json\/wp\/v2\/categories?post=7408"},{"taxonomy":"post_tag","embeddable":true,"href":"https:\/\/www.lesmaconsdelacreuse.fr\/annuaires\/wp-json\/wp\/v2\/tags?post=7408"}],"curies":[{"name":"wp","href":"https:\/\/api.w.org\/{rel}","templated":true}]}}