{"id":7411,"date":"2019-07-28T13:34:15","date_gmt":"2019-07-28T11:34:15","guid":{"rendered":"http:\/\/lesmaconsdelacreuse.fr\/annuaire\/?p=7411"},"modified":"2023-01-02T13:48:31","modified_gmt":"2023-01-02T12:48:31","slug":"l_1348","status":"publish","type":"post","link":"https:\/\/www.lesmaconsdelacreuse.fr\/annuaires\/lettre-l\/l_1348\/","title":{"rendered":"LENOIR L\u00e9onard (1661-apr\u00e8s 1725)"},"content":{"rendered":"<p class=\"last-updated\"><strong>Mis \u00e0 jour le :<\/strong> 30\/04\/2026<\/p><h2 style=\"text-align: center;\"><strong>L\u00e9onard LENOIR<\/strong><\/h2>\n<p style=\"text-align: center;\"><strong>dit Le Craqueur<\/strong><\/p>\n<p style=\"text-align: center;\"><strong>1661 \u2013 apr\u00e8s 1725<\/strong><\/p>\n<p style=\"text-align: center;\"><img decoding=\"async\" title=\"\" src=\"https:\/\/lesmaconsdelacreuse.fr\/annuaire\/wp-content\/uploads\/2019\/07\/image1-1952.jpg\" alt=\"\" data-source-id=\"i.0\" data-asset-id=\"7409\" \/><\/p>\n<h4 style=\"text-align: center;\"><span style=\"color: #008000;\"><strong>ma\u00e7on <\/strong>et<strong> laboureur<\/strong><\/span><\/h4>\n<p style=\"text-align: center;\">n\u00e9 \u00e0 Jeansanetas (Roy\u00e8re)<\/p>\n<p style=\"text-align: center;\">le 25 d\u00e9cembre 1661<\/p>\n<p style=\"text-align: center;\">fils de<\/p>\n<p style=\"text-align: center;\">Louis LENOIR \/ Jeanne VAREILLE<\/p>\n<p style=\"text-align: center;\">laboureurs<\/p>\n<p style=\"text-align: center;\"><span style=\"color: #ffffff;\">\u25d9<\/span><\/p>\n<p style=\"text-align: left;\"><em>L\u00e9onard \u00e9pouse Jacquette <\/em><strong>DARFEUILLE<\/strong><em> le 13 janvier <\/em><strong>1688<\/strong><em> \u00e0 Roy\u00e8re (contrat B\u00e9nassy \u00e0 Gentioux).<\/em><\/p>\n<p><em> Ils habitent Le Villard, paroisse de Roy\u00e8re.<\/em><\/p>\n<p><em>Jacquette y d\u00e9c\u00e8de le 29 novembre <\/em><strong>1723<\/strong><em><strong>,<\/strong> \u00e2g\u00e9e de 55 ans environ.<\/em><\/p>\n<p>S17<\/p>\n","protected":false},"excerpt":{"rendered":"<p>Mis \u00e0 jour le : 30\/04\/2026L\u00e9onard LENOIR dit Le Craqueur 1661 \u2013 apr\u00e8s 1725 ma\u00e7on et laboureur n\u00e9 \u00e0 Jeansanetas (Roy\u00e8re) le 25 d\u00e9cembre 1661 fils de Louis LENOIR \/ Jeanne VAREILLE laboureurs \u25d9 L\u00e9onard \u00e9pouse Jacquette DARFEUILLE le 13 janvier 1688 \u00e0 Roy\u00e8re (contrat B\u00e9nassy \u00e0 Gentioux). Ils habitent Le Villard, paroisse de Roy\u00e8re. ..<\/p>\n<div class=\"clear-fix\"><\/div>\n<p><a href=\"https:\/\/www.lesmaconsdelacreuse.fr\/annuaires\/lettre-l\/l_1348\/\" title=\"Lire la suite...\">Lire la suite<\/a><\/p>\n","protected":false},"author":5,"featured_media":0,"comment_status":"closed","ping_status":"closed","sticky":false,"template":"","format":"standard","meta":{"_acf_changed":false,"_exactmetrics_skip_tracking":false,"_exactmetrics_sitenote_active":false,"_exactmetrics_sitenote_note":"","_exactmetrics_sitenote_category":0,"footnotes":""},"categories":[19],"tags":[],"class_list":["post-7411","post","type-post","status-publish","format-standard","hentry","category-lettre-l"],"acf":[],"_links":{"self":[{"href":"https:\/\/www.lesmaconsdelacreuse.fr\/annuaires\/wp-json\/wp\/v2\/posts\/7411","targetHints":{"allow":["GET"]}}],"collection":[{"href":"https:\/\/www.lesmaconsdelacreuse.fr\/annuaires\/wp-json\/wp\/v2\/posts"}],"about":[{"href":"https:\/\/www.lesmaconsdelacreuse.fr\/annuaires\/wp-json\/wp\/v2\/types\/post"}],"author":[{"embeddable":true,"href":"https:\/\/www.lesmaconsdelacreuse.fr\/annuaires\/wp-json\/wp\/v2\/users\/5"}],"replies":[{"embeddable":true,"href":"https:\/\/www.lesmaconsdelacreuse.fr\/annuaires\/wp-json\/wp\/v2\/comments?post=7411"}],"version-history":[{"count":1,"href":"https:\/\/www.lesmaconsdelacreuse.fr\/annuaires\/wp-json\/wp\/v2\/posts\/7411\/revisions"}],"predecessor-version":[{"id":203444,"href":"https:\/\/www.lesmaconsdelacreuse.fr\/annuaires\/wp-json\/wp\/v2\/posts\/7411\/revisions\/203444"}],"wp:attachment":[{"href":"https:\/\/www.lesmaconsdelacreuse.fr\/annuaires\/wp-json\/wp\/v2\/media?parent=7411"}],"wp:term":[{"taxonomy":"category","embeddable":true,"href":"https:\/\/www.lesmaconsdelacreuse.fr\/annuaires\/wp-json\/wp\/v2\/categories?post=7411"},{"taxonomy":"post_tag","embeddable":true,"href":"https:\/\/www.lesmaconsdelacreuse.fr\/annuaires\/wp-json\/wp\/v2\/tags?post=7411"}],"curies":[{"name":"wp","href":"https:\/\/api.w.org\/{rel}","templated":true}]}}