{"id":7423,"date":"2019-07-28T13:34:14","date_gmt":"2019-07-28T11:34:14","guid":{"rendered":"http:\/\/lesmaconsdelacreuse.fr\/annuaire\/?p=7423"},"modified":"2021-12-10T19:13:46","modified_gmt":"2021-12-10T18:13:46","slug":"l_1331","status":"publish","type":"post","link":"https:\/\/www.lesmaconsdelacreuse.fr\/annuaires\/lettre-l\/l_1331\/","title":{"rendered":"LENOIR Jean-Baptiste Fran\u00e7ois (1823-1906)"},"content":{"rendered":"<p class=\"last-updated\"><strong>Mis \u00e0 jour le :<\/strong> 30\/04\/2026<\/p><h2 style=\"text-align: center;\"><strong>Jean-Baptiste Fran\u00e7ois LENOIR<\/strong><\/h2>\n<p style=\"text-align: center;\"><strong>Fran\u00e7ois LENOIR<\/strong><\/p>\n<p style=\"text-align: center;\"><strong>1823 \u2013 1906<\/strong><\/p>\n<p style=\"text-align: center;\"><img decoding=\"async\" title=\"\" src=\"https:\/\/lesmaconsdelacreuse.fr\/annuaire\/wp-content\/uploads\/2019\/07\/image1-1957.jpg\" alt=\"\" data-source-id=\"i.0\" data-asset-id=\"7421\" \/><\/p>\n<h4 style=\"text-align: center;\"><span style=\"color: #008000;\"><strong>ma\u00e7on <\/strong>et <strong>propri\u00e9taire cultivateur<\/strong><\/span><\/h4>\n<p style=\"text-align: center;\">n\u00e9 \u00e0 La Faurie (Saint-Moreil)<\/p>\n<p style=\"text-align: center;\">le 17 novembre 1823<\/p>\n<p style=\"text-align: center;\">fils de<\/p>\n<p style=\"text-align: center;\">Pierre LENOIR \/ Anne CASQUET<\/p>\n<p style=\"text-align: center;\">propri\u00e9taires cultivateurs<\/p>\n<p style=\"text-align: center;\"><span style=\"color: #ffffff;\">\u25d9<\/span><\/p>\n<p><em>Fran\u00e7ois \u00e9pouse Marie <\/em><strong>CHAUNIER<\/strong><em> le 19 f\u00e9vrier <\/em><strong>1855<\/strong><em> \u00e0 Morterolles.<\/em><\/p>\n<p><em> Ils vivent \u00e0 La Faurie.<\/em><\/p>\n<p>Les \u00e9poux d\u00e9c\u00e8dent:<\/p>\n<ul>\n<li><em>Marie \u00e0 La Faurie, le 20 septembre <\/em><strong>1891<\/strong><em>, \u00e2g\u00e9e de 61 ans<\/em><\/li>\n<li><em>Fran\u00e7ois \u00e0 La Colomberie, m\u00eame commune, le 23 septembre<\/em> <strong>1906<\/strong>, <em>\u00e2g\u00e9 de 82 ans<\/em><\/li>\n<\/ul>\n","protected":false},"excerpt":{"rendered":"<p>Mis \u00e0 jour le : 30\/04\/2026Jean-Baptiste Fran\u00e7ois LENOIR Fran\u00e7ois LENOIR 1823 \u2013 1906 ma\u00e7on et propri\u00e9taire cultivateur n\u00e9 \u00e0 La Faurie (Saint-Moreil) le 17 novembre 1823 fils de Pierre LENOIR \/ Anne CASQUET propri\u00e9taires cultivateurs \u25d9 Fran\u00e7ois \u00e9pouse Marie CHAUNIER le 19 f\u00e9vrier 1855 \u00e0 Morterolles. Ils vivent \u00e0 La Faurie. Les \u00e9poux d\u00e9c\u00e8dent: Marie ..<\/p>\n<div class=\"clear-fix\"><\/div>\n<p><a href=\"https:\/\/www.lesmaconsdelacreuse.fr\/annuaires\/lettre-l\/l_1331\/\" title=\"Lire la suite...\">Lire la suite<\/a><\/p>\n","protected":false},"author":6,"featured_media":0,"comment_status":"closed","ping_status":"closed","sticky":false,"template":"","format":"standard","meta":{"_acf_changed":false,"_exactmetrics_skip_tracking":false,"_exactmetrics_sitenote_active":false,"_exactmetrics_sitenote_note":"","_exactmetrics_sitenote_category":0,"footnotes":""},"categories":[19],"tags":[],"class_list":["post-7423","post","type-post","status-publish","format-standard","hentry","category-lettre-l"],"acf":[],"_links":{"self":[{"href":"https:\/\/www.lesmaconsdelacreuse.fr\/annuaires\/wp-json\/wp\/v2\/posts\/7423","targetHints":{"allow":["GET"]}}],"collection":[{"href":"https:\/\/www.lesmaconsdelacreuse.fr\/annuaires\/wp-json\/wp\/v2\/posts"}],"about":[{"href":"https:\/\/www.lesmaconsdelacreuse.fr\/annuaires\/wp-json\/wp\/v2\/types\/post"}],"author":[{"embeddable":true,"href":"https:\/\/www.lesmaconsdelacreuse.fr\/annuaires\/wp-json\/wp\/v2\/users\/6"}],"replies":[{"embeddable":true,"href":"https:\/\/www.lesmaconsdelacreuse.fr\/annuaires\/wp-json\/wp\/v2\/comments?post=7423"}],"version-history":[{"count":2,"href":"https:\/\/www.lesmaconsdelacreuse.fr\/annuaires\/wp-json\/wp\/v2\/posts\/7423\/revisions"}],"predecessor-version":[{"id":193025,"href":"https:\/\/www.lesmaconsdelacreuse.fr\/annuaires\/wp-json\/wp\/v2\/posts\/7423\/revisions\/193025"}],"wp:attachment":[{"href":"https:\/\/www.lesmaconsdelacreuse.fr\/annuaires\/wp-json\/wp\/v2\/media?parent=7423"}],"wp:term":[{"taxonomy":"category","embeddable":true,"href":"https:\/\/www.lesmaconsdelacreuse.fr\/annuaires\/wp-json\/wp\/v2\/categories?post=7423"},{"taxonomy":"post_tag","embeddable":true,"href":"https:\/\/www.lesmaconsdelacreuse.fr\/annuaires\/wp-json\/wp\/v2\/tags?post=7423"}],"curies":[{"name":"wp","href":"https:\/\/api.w.org\/{rel}","templated":true}]}}