{"id":7433,"date":"2019-07-28T13:34:13","date_gmt":"2019-07-28T11:34:13","guid":{"rendered":"http:\/\/lesmaconsdelacreuse.fr\/annuaire\/?p=7433"},"modified":"2020-01-20T11:28:57","modified_gmt":"2020-01-20T10:28:57","slug":"l_1297","status":"publish","type":"post","link":"https:\/\/www.lesmaconsdelacreuse.fr\/annuaires\/lettre-l\/l_1297\/","title":{"rendered":"LENOIR Jean (1792-1826)"},"content":{"rendered":"<p class=\"last-updated\"><strong>Mis \u00e0 jour le :<\/strong> 30\/04\/2026<\/p><h2 style=\"text-align: center;\"><strong>Jean LENOIR<\/strong><\/h2>\n<p style=\"text-align: center;\"><strong>1792 \u2013 1826<\/strong><\/p>\n<p style=\"text-align: center;\"><img decoding=\"async\" title=\"\" src=\"https:\/\/lesmaconsdelacreuse.fr\/annuaire\/wp-content\/uploads\/2019\/07\/image1-1962.jpg\" alt=\"\" data-source-id=\"i.0\" data-asset-id=\"7430\" \/><\/p>\n<h4 style=\"text-align: center;\"><span style=\"color: #008000;\"><strong>ma\u00e7on <\/strong>et <strong>propri\u00e9taire cultivateur<\/strong><\/span><\/h4>\n<p style=\"text-align: center;\">n\u00e9 \u00e0 Haute-Faye (Roy\u00e8re)<\/p>\n<p style=\"text-align: center;\">le 2 ao\u00fbt 1792<\/p>\n<p style=\"text-align: center;\">fils de<\/p>\n<p style=\"text-align: center;\">Jacques LENOIR, <span style=\"color: #008000;\"><strong>ma\u00e7on <\/strong><\/span><strong>\/ <\/strong>L\u00e9onarde CHAPELLENIE<\/p>\n<p style=\"text-align: center;\"><span style=\"color: #ffffff;\">\u25d9<\/span><\/p>\n<p><em>Jean \u00e9pouse Marguerite <\/em><strong>LECLERC<\/strong><em> le 8 juin <\/em><strong>1812<\/strong> <em>\u00e0 Roy\u00e8re (contrat Coutisson). Ils habitent Haute-Faye.<\/em><\/p>\n<p><em>Marguerite y d\u00e9c\u00e8de le 27 novembre <\/em><strong>1815<\/strong><em>, \u00e2g\u00e9e de 22 ans.<\/em><\/p>\n<p><em>Jean se remarie le 3 f\u00e9vrier <\/em><strong>1817<\/strong><em> \u00e0 Roy\u00e8re avec Magdeleine <\/em><strong>MEAUME<\/strong><em> (contrat Coutisson). Ils habitent aussi Haute-Faye.<\/em><\/p>\n<p><strong>En 1826<\/strong><em>, Jean travaille \u00e0 <\/em><span style=\"color: #0000ff;\"><strong>Roanne (42)<\/strong><\/span><\/p>\n<p><em>Il y d\u00e9c\u00e8de, \u00ab ma\u00e7on voyageur \u00bb, \u00e0 l\u2019hospice de cette ville, le 24 septembre de la m\u00eame ann\u00e9e<strong>,<\/strong> \u00e2g\u00e9 de 34 ans.<\/em><\/p>\n<p><em>Sa veuve d\u00e9c\u00e8de \u00e0 Haute-Faye le 24 f\u00e9vrier <\/em>1873<em>, \u00e2g\u00e9e de 82 ans.<\/em><\/p>\n","protected":false},"excerpt":{"rendered":"<p>Mis \u00e0 jour le : 30\/04\/2026Jean LENOIR 1792 \u2013 1826 ma\u00e7on et propri\u00e9taire cultivateur n\u00e9 \u00e0 Haute-Faye (Roy\u00e8re) le 2 ao\u00fbt 1792 fils de Jacques LENOIR, ma\u00e7on \/ L\u00e9onarde CHAPELLENIE \u25d9 Jean \u00e9pouse Marguerite LECLERC le 8 juin 1812 \u00e0 Roy\u00e8re (contrat Coutisson). Ils habitent Haute-Faye. Marguerite y d\u00e9c\u00e8de le 27 novembre 1815, \u00e2g\u00e9e de ..<\/p>\n<div class=\"clear-fix\"><\/div>\n<p><a href=\"https:\/\/www.lesmaconsdelacreuse.fr\/annuaires\/lettre-l\/l_1297\/\" title=\"Lire la suite...\">Lire la suite<\/a><\/p>\n","protected":false},"author":6,"featured_media":0,"comment_status":"closed","ping_status":"closed","sticky":false,"template":"","format":"standard","meta":{"_acf_changed":false,"_exactmetrics_skip_tracking":false,"_exactmetrics_sitenote_active":false,"_exactmetrics_sitenote_note":"","_exactmetrics_sitenote_category":0,"footnotes":""},"categories":[19],"tags":[],"class_list":["post-7433","post","type-post","status-publish","format-standard","hentry","category-lettre-l"],"acf":[],"_links":{"self":[{"href":"https:\/\/www.lesmaconsdelacreuse.fr\/annuaires\/wp-json\/wp\/v2\/posts\/7433","targetHints":{"allow":["GET"]}}],"collection":[{"href":"https:\/\/www.lesmaconsdelacreuse.fr\/annuaires\/wp-json\/wp\/v2\/posts"}],"about":[{"href":"https:\/\/www.lesmaconsdelacreuse.fr\/annuaires\/wp-json\/wp\/v2\/types\/post"}],"author":[{"embeddable":true,"href":"https:\/\/www.lesmaconsdelacreuse.fr\/annuaires\/wp-json\/wp\/v2\/users\/6"}],"replies":[{"embeddable":true,"href":"https:\/\/www.lesmaconsdelacreuse.fr\/annuaires\/wp-json\/wp\/v2\/comments?post=7433"}],"version-history":[{"count":0,"href":"https:\/\/www.lesmaconsdelacreuse.fr\/annuaires\/wp-json\/wp\/v2\/posts\/7433\/revisions"}],"wp:attachment":[{"href":"https:\/\/www.lesmaconsdelacreuse.fr\/annuaires\/wp-json\/wp\/v2\/media?parent=7433"}],"wp:term":[{"taxonomy":"category","embeddable":true,"href":"https:\/\/www.lesmaconsdelacreuse.fr\/annuaires\/wp-json\/wp\/v2\/categories?post=7433"},{"taxonomy":"post_tag","embeddable":true,"href":"https:\/\/www.lesmaconsdelacreuse.fr\/annuaires\/wp-json\/wp\/v2\/tags?post=7433"}],"curies":[{"name":"wp","href":"https:\/\/api.w.org\/{rel}","templated":true}]}}