{"id":7440,"date":"2019-07-28T13:34:13","date_gmt":"2019-07-28T11:34:13","guid":{"rendered":"http:\/\/lesmaconsdelacreuse.fr\/annuaire\/?p=7440"},"modified":"2020-01-20T11:28:56","modified_gmt":"2020-01-20T10:28:56","slug":"l_1329","status":"publish","type":"post","link":"https:\/\/www.lesmaconsdelacreuse.fr\/annuaires\/lettre-l\/l_1329\/","title":{"rendered":"LENOIR Jean-Baptiste (1840-apr\u00e8s 1891)"},"content":{"rendered":"<p class=\"last-updated\"><strong>Mis \u00e0 jour le :<\/strong> 30\/04\/2026<\/p><h2 style=\"text-align: center;\"><strong>Jean-Baptiste LENOIR<\/strong><\/h2>\n<p style=\"text-align: center;\"><strong>1840 \u2013 apr\u00e8s 1891<\/strong><\/p>\n<p style=\"text-align: center;\"><img loading=\"lazy\" decoding=\"async\" class=\"\" title=\"\" src=\"https:\/\/lesmaconsdelacreuse.fr\/annuaire\/wp-content\/uploads\/2019\/07\/image1-1966.jpg\" alt=\"\" width=\"193\" height=\"80\" data-source-id=\"i.0\" data-asset-id=\"7438\" \/><\/p>\n<h4 style=\"text-align: center;\"><span style=\"color: #008000;\"><strong>ma\u00e7on <\/strong>et<strong> cultivateur<\/strong><\/span><\/h4>\n<p style=\"text-align: center;\">n\u00e9 \u00e0 Villecros (Roy\u00e8re)<\/p>\n<p style=\"text-align: center;\">le 14 septembre 1840<\/p>\n<p style=\"text-align: center;\">fils de<\/p>\n<p style=\"text-align: center;\">Jean LENOIR,<span style=\"color: #008000;\"><strong> ma\u00e7on<\/strong><\/span><\/p>\n<p style=\"text-align: center;\">Antoinette AILLAUD, cultivatrice<\/p>\n<p style=\"text-align: center;\"><span style=\"color: #ffffff;\">\u25d9<\/span><\/p>\n<p><em>Jean-Baptiste \u00e9pouse Jeanne <\/em><strong>MERMINON<\/strong><em> le 27 mars <\/em><strong>1871<\/strong><em> \u00e0 Gentioux (contrat Dufour). <\/em><\/p>\n<p><em> Ils habitent Villemoneix, m\u00eame commune, puis Le Luc.<\/em><\/p>\n<p><em>Jeanne d\u00e9c\u00e8de au Luc le 26 avril <\/em><strong>1891<\/strong><em>, \u00e2g\u00e9e de 50 ans.<\/em><\/p>\n","protected":false},"excerpt":{"rendered":"<p>Mis \u00e0 jour le : 30\/04\/2026Jean-Baptiste LENOIR 1840 \u2013 apr\u00e8s 1891 ma\u00e7on et cultivateur n\u00e9 \u00e0 Villecros (Roy\u00e8re) le 14 septembre 1840 fils de Jean LENOIR, ma\u00e7on Antoinette AILLAUD, cultivatrice \u25d9 Jean-Baptiste \u00e9pouse Jeanne MERMINON le 27 mars 1871 \u00e0 Gentioux (contrat Dufour). Ils habitent Villemoneix, m\u00eame commune, puis Le Luc. Jeanne d\u00e9c\u00e8de au Luc ..<\/p>\n<div class=\"clear-fix\"><\/div>\n<p><a href=\"https:\/\/www.lesmaconsdelacreuse.fr\/annuaires\/lettre-l\/l_1329\/\" title=\"Lire la suite...\">Lire la suite<\/a><\/p>\n","protected":false},"author":6,"featured_media":0,"comment_status":"closed","ping_status":"closed","sticky":false,"template":"","format":"standard","meta":{"_acf_changed":false,"_exactmetrics_skip_tracking":false,"_exactmetrics_sitenote_active":false,"_exactmetrics_sitenote_note":"","_exactmetrics_sitenote_category":0,"footnotes":""},"categories":[19],"tags":[],"class_list":["post-7440","post","type-post","status-publish","format-standard","hentry","category-lettre-l"],"acf":[],"_links":{"self":[{"href":"https:\/\/www.lesmaconsdelacreuse.fr\/annuaires\/wp-json\/wp\/v2\/posts\/7440","targetHints":{"allow":["GET"]}}],"collection":[{"href":"https:\/\/www.lesmaconsdelacreuse.fr\/annuaires\/wp-json\/wp\/v2\/posts"}],"about":[{"href":"https:\/\/www.lesmaconsdelacreuse.fr\/annuaires\/wp-json\/wp\/v2\/types\/post"}],"author":[{"embeddable":true,"href":"https:\/\/www.lesmaconsdelacreuse.fr\/annuaires\/wp-json\/wp\/v2\/users\/6"}],"replies":[{"embeddable":true,"href":"https:\/\/www.lesmaconsdelacreuse.fr\/annuaires\/wp-json\/wp\/v2\/comments?post=7440"}],"version-history":[{"count":0,"href":"https:\/\/www.lesmaconsdelacreuse.fr\/annuaires\/wp-json\/wp\/v2\/posts\/7440\/revisions"}],"wp:attachment":[{"href":"https:\/\/www.lesmaconsdelacreuse.fr\/annuaires\/wp-json\/wp\/v2\/media?parent=7440"}],"wp:term":[{"taxonomy":"category","embeddable":true,"href":"https:\/\/www.lesmaconsdelacreuse.fr\/annuaires\/wp-json\/wp\/v2\/categories?post=7440"},{"taxonomy":"post_tag","embeddable":true,"href":"https:\/\/www.lesmaconsdelacreuse.fr\/annuaires\/wp-json\/wp\/v2\/tags?post=7440"}],"curies":[{"name":"wp","href":"https:\/\/api.w.org\/{rel}","templated":true}]}}