{"id":7448,"date":"2019-07-28T13:34:13","date_gmt":"2019-07-28T11:34:13","guid":{"rendered":"http:\/\/lesmaconsdelacreuse.fr\/annuaire\/?p=7448"},"modified":"2020-02-11T12:13:15","modified_gmt":"2020-02-11T11:13:15","slug":"l_1287","status":"publish","type":"post","link":"https:\/\/www.lesmaconsdelacreuse.fr\/annuaires\/lettre-l\/l_1287\/","title":{"rendered":"LENOIR Jean (vers 1729-avant 1767)"},"content":{"rendered":"<p class=\"last-updated\"><strong>Mis \u00e0 jour le :<\/strong> 30\/04\/2026<\/p><h2 style=\"text-align: center;\"><strong>Jean LENOIR<\/strong><\/h2>\n<p style=\"text-align: center;\"><strong>L\u00e9onard LENOIR<\/strong><\/p>\n<p style=\"text-align: center;\"><strong>vers 1729 &#8211; avant 1767<\/strong><\/p>\n<p style=\"text-align: center;\"><img loading=\"lazy\" decoding=\"async\" title=\"image\" src=\"http:\/\/127.0.0.1:2317\/BASAJO?m=IM;d=455659412;p=jean;n=lenoir;oc=47;k=\/jean.47.lenoir\" alt=\"\" width=\"160\" height=\"30\" \/><\/p>\n<h4 style=\"text-align: center;\"><span style=\"color: #008000;\"><strong>ma\u00e7on <\/strong><\/span>de Roy\u00e8re<\/h4>\n<p style=\"text-align: center;\"><span style=\"color: #ffffff;\">\u25d9<\/span><\/p>\n<p><em>Jean \u00e9pouse Rose <\/em><strong>LABELLE<\/strong><em> \u00e0 Roy\u00e8re, le 10 f\u00e9vrier <\/em><strong>1744<\/strong>.<\/p>\n<p><em> Il d\u00e9c\u00e8de \u00e0 \u25ba<a target=\"_blank\"href=\"https:\/\/www.lesmaconsdelacreuse.fr\/annuaires\/\/wp-content\/uploads\/PHOTOS_-_CARTES_POSTALES\/BORDEAUX_-_Hopital_Saint-Andre.jpg\">l\u2019h\u00f4pital Saint-Andr\u00e9<\/a><\/em> <em>de <\/em><span style=\"color: #0000ff;\"><strong>Bordeaux (33)<\/strong><\/span><em> \u25ba<\/em><span style=\"color: #ff00ff;\"><strong><a target=\"_blank\"style=\"color: #ff00ff;\" href=\"https:\/\/www.lesmaconsdelacreuse.fr\/annuaires\/\/wp-content\/uploads\/DOCUMENTS\/1767_-_Jean_LENOIR_decede_a_lhopital_de_Bordeaux.pdf\">avant 1767<\/a><\/strong><\/span><em>, date \u00e0 laquelle sa veuve se remarie avec L\u00e9onard BELARBRE, ma\u00e7on. <\/em><\/p>\n<p><em>Rose d\u00e9c\u00e8de \u00e0 Roy\u00e8re le 9 avril 1786, \u00e2g\u00e9e de 57 ans. <\/em><\/p>\n","protected":false},"excerpt":{"rendered":"<p>Mis \u00e0 jour le : 30\/04\/2026Jean LENOIR L\u00e9onard LENOIR vers 1729 &#8211; avant 1767 ma\u00e7on de Roy\u00e8re \u25d9 Jean \u00e9pouse Rose LABELLE \u00e0 Roy\u00e8re, le 10 f\u00e9vrier 1744. Il d\u00e9c\u00e8de \u00e0 \u25bal\u2019h\u00f4pital Saint-Andr\u00e9 de Bordeaux (33) \u25baavant 1767, date \u00e0 laquelle sa veuve se remarie avec L\u00e9onard BELARBRE, ma\u00e7on. Rose d\u00e9c\u00e8de \u00e0 Roy\u00e8re le 9 ..<\/p>\n<div class=\"clear-fix\"><\/div>\n<p><a href=\"https:\/\/www.lesmaconsdelacreuse.fr\/annuaires\/lettre-l\/l_1287\/\" title=\"Lire la suite...\">Lire la suite<\/a><\/p>\n","protected":false},"author":6,"featured_media":0,"comment_status":"closed","ping_status":"closed","sticky":false,"template":"","format":"standard","meta":{"_acf_changed":false,"_exactmetrics_skip_tracking":false,"_exactmetrics_sitenote_active":false,"_exactmetrics_sitenote_note":"","_exactmetrics_sitenote_category":0,"footnotes":""},"categories":[19],"tags":[],"class_list":["post-7448","post","type-post","status-publish","format-standard","hentry","category-lettre-l"],"acf":[],"_links":{"self":[{"href":"https:\/\/www.lesmaconsdelacreuse.fr\/annuaires\/wp-json\/wp\/v2\/posts\/7448","targetHints":{"allow":["GET"]}}],"collection":[{"href":"https:\/\/www.lesmaconsdelacreuse.fr\/annuaires\/wp-json\/wp\/v2\/posts"}],"about":[{"href":"https:\/\/www.lesmaconsdelacreuse.fr\/annuaires\/wp-json\/wp\/v2\/types\/post"}],"author":[{"embeddable":true,"href":"https:\/\/www.lesmaconsdelacreuse.fr\/annuaires\/wp-json\/wp\/v2\/users\/6"}],"replies":[{"embeddable":true,"href":"https:\/\/www.lesmaconsdelacreuse.fr\/annuaires\/wp-json\/wp\/v2\/comments?post=7448"}],"version-history":[{"count":0,"href":"https:\/\/www.lesmaconsdelacreuse.fr\/annuaires\/wp-json\/wp\/v2\/posts\/7448\/revisions"}],"wp:attachment":[{"href":"https:\/\/www.lesmaconsdelacreuse.fr\/annuaires\/wp-json\/wp\/v2\/media?parent=7448"}],"wp:term":[{"taxonomy":"category","embeddable":true,"href":"https:\/\/www.lesmaconsdelacreuse.fr\/annuaires\/wp-json\/wp\/v2\/categories?post=7448"},{"taxonomy":"post_tag","embeddable":true,"href":"https:\/\/www.lesmaconsdelacreuse.fr\/annuaires\/wp-json\/wp\/v2\/tags?post=7448"}],"curies":[{"name":"wp","href":"https:\/\/api.w.org\/{rel}","templated":true}]}}