{"id":7460,"date":"2019-07-28T13:34:12","date_gmt":"2019-07-28T11:34:12","guid":{"rendered":"http:\/\/lesmaconsdelacreuse.fr\/annuaire\/?p=7460"},"modified":"2020-01-20T11:28:58","modified_gmt":"2020-01-20T10:28:58","slug":"l_1307","status":"publish","type":"post","link":"https:\/\/www.lesmaconsdelacreuse.fr\/annuaires\/lettre-l\/l_1307\/","title":{"rendered":"LENOIR Jean (1815-1893)"},"content":{"rendered":"<p class=\"last-updated\"><strong>Mis \u00e0 jour le :<\/strong> 01\/05\/2026<\/p><h2 style=\"text-align: center;\"><strong>Jean LENOIR<\/strong><\/h2>\n<p style=\"text-align: center;\"><strong>1815 \u2013 1893<\/strong><\/p>\n<p style=\"text-align: center;\"><img decoding=\"async\" title=\"\" src=\"https:\/\/lesmaconsdelacreuse.fr\/annuaire\/wp-content\/uploads\/2019\/07\/image1-1972.jpg\" alt=\"\" data-source-id=\"i.0\" data-asset-id=\"7456\" \/><\/p>\n<h4 style=\"text-align: center;\"><span style=\"color: #008000;\"><strong>ma\u00e7on <\/strong>et\u00a0 <strong>propri\u00e9taire cultivateur<\/strong><\/span><\/h4>\n<p style=\"text-align: center;\">n\u00e9 \u00e0 La Chaise (Saint-Pardoux-Lavaud)<\/p>\n<p style=\"text-align: center;\">le 3 avril 1815<\/p>\n<p style=\"text-align: center;\">fils de<\/p>\n<p style=\"text-align: center;\">Pierre LENOIR \/ Catherine LEGRAND<\/p>\n<p style=\"text-align: center;\">propri\u00e9taires cultivateurs<\/p>\n<p style=\"text-align: center;\"><span style=\"color: #ffffff;\">\u25d9<\/span><\/p>\n<p><strong>En 1835<\/strong><em>, Jean travaille \u00e0 <\/em><span style=\"color: #0000ff;\"><strong>Lyon (69)<\/strong><\/span><em>. <\/em><\/p>\n<p><em>Il \u00e9pouse L\u00e9onarde <\/em><strong>BOURDEAU<\/strong><em> le 20 f\u00e9vrier <\/em><strong>1845<\/strong><em> \u00e0 Saint-Pardoux (contrat Toumieux \u00e0 Roy\u00e8re).<\/em><\/p>\n<p><em> Ils d\u00e9c\u00e8dent au Mas, commune de Roy\u00e8re\u00a0:<\/em><\/p>\n<ul>\n<li><em> L\u00e9onarde, le 3 mai <\/em><strong>1890<\/strong><em>, \u00e2g\u00e9e de 68 ans<\/em><\/li>\n<li><em> Jean, le 16 mai <\/em><strong>1893<\/strong><em>, \u00e2g\u00e9 de 78 ans<\/em><\/li>\n<\/ul>\n","protected":false},"excerpt":{"rendered":"<p>Mis \u00e0 jour le : 01\/05\/2026Jean LENOIR 1815 \u2013 1893 ma\u00e7on et\u00a0 propri\u00e9taire cultivateur n\u00e9 \u00e0 La Chaise (Saint-Pardoux-Lavaud) le 3 avril 1815 fils de Pierre LENOIR \/ Catherine LEGRAND propri\u00e9taires cultivateurs \u25d9 En 1835, Jean travaille \u00e0 Lyon (69). Il \u00e9pouse L\u00e9onarde BOURDEAU le 20 f\u00e9vrier 1845 \u00e0 Saint-Pardoux (contrat Toumieux \u00e0 Roy\u00e8re). Ils ..<\/p>\n<div class=\"clear-fix\"><\/div>\n<p><a href=\"https:\/\/www.lesmaconsdelacreuse.fr\/annuaires\/lettre-l\/l_1307\/\" title=\"Lire la suite...\">Lire la suite<\/a><\/p>\n","protected":false},"author":6,"featured_media":0,"comment_status":"closed","ping_status":"closed","sticky":false,"template":"","format":"standard","meta":{"_acf_changed":false,"_exactmetrics_skip_tracking":false,"_exactmetrics_sitenote_active":false,"_exactmetrics_sitenote_note":"","_exactmetrics_sitenote_category":0,"footnotes":""},"categories":[19],"tags":[],"class_list":["post-7460","post","type-post","status-publish","format-standard","hentry","category-lettre-l"],"acf":[],"_links":{"self":[{"href":"https:\/\/www.lesmaconsdelacreuse.fr\/annuaires\/wp-json\/wp\/v2\/posts\/7460","targetHints":{"allow":["GET"]}}],"collection":[{"href":"https:\/\/www.lesmaconsdelacreuse.fr\/annuaires\/wp-json\/wp\/v2\/posts"}],"about":[{"href":"https:\/\/www.lesmaconsdelacreuse.fr\/annuaires\/wp-json\/wp\/v2\/types\/post"}],"author":[{"embeddable":true,"href":"https:\/\/www.lesmaconsdelacreuse.fr\/annuaires\/wp-json\/wp\/v2\/users\/6"}],"replies":[{"embeddable":true,"href":"https:\/\/www.lesmaconsdelacreuse.fr\/annuaires\/wp-json\/wp\/v2\/comments?post=7460"}],"version-history":[{"count":0,"href":"https:\/\/www.lesmaconsdelacreuse.fr\/annuaires\/wp-json\/wp\/v2\/posts\/7460\/revisions"}],"wp:attachment":[{"href":"https:\/\/www.lesmaconsdelacreuse.fr\/annuaires\/wp-json\/wp\/v2\/media?parent=7460"}],"wp:term":[{"taxonomy":"category","embeddable":true,"href":"https:\/\/www.lesmaconsdelacreuse.fr\/annuaires\/wp-json\/wp\/v2\/categories?post=7460"},{"taxonomy":"post_tag","embeddable":true,"href":"https:\/\/www.lesmaconsdelacreuse.fr\/annuaires\/wp-json\/wp\/v2\/tags?post=7460"}],"curies":[{"name":"wp","href":"https:\/\/api.w.org\/{rel}","templated":true}]}}