{"id":7469,"date":"2019-07-28T13:34:12","date_gmt":"2019-07-28T11:34:12","guid":{"rendered":"http:\/\/lesmaconsdelacreuse.fr\/annuaire\/?p=7469"},"modified":"2020-10-09T08:30:33","modified_gmt":"2020-10-09T06:30:33","slug":"l_1275","status":"publish","type":"post","link":"https:\/\/www.lesmaconsdelacreuse.fr\/annuaires\/lettre-l\/l_1275\/","title":{"rendered":"LENOIR Jacques (1732-apr\u00e8s 1800)"},"content":{"rendered":"<p class=\"last-updated\"><strong>Mis \u00e0 jour le :<\/strong> 30\/04\/2026<\/p><h2 style=\"text-align: center;\"><strong>Jacques LENOIR<\/strong><\/h2>\n<p style=\"text-align: center;\"><strong>1732 &#8211; apr\u00e8s 1800<\/strong><\/p>\n<p style=\"text-align: center;\"><img decoding=\"async\" title=\"\" src=\"https:\/\/lesmaconsdelacreuse.fr\/annuaire\/wp-content\/uploads\/2019\/07\/image1-1975.jpg\" alt=\"\" data-source-id=\"i.0\" data-asset-id=\"7466\" \/><\/p>\n<h4 style=\"text-align: center;\"><span style=\"color: #008000;\"><strong><em>\u25ba<\/em><span style=\"color: #008000;\"><a style=\"color: #008000;\" href=\"https:\/\/www.lesmaconsdelacreuse.fr\/annuaires\/wp-content\/uploads\/2019\/08\/COMPAGNON-MA\u00c7ON.png\" target=\"_blank\" rel=\"noopener noreferrer\">compagnon ma\u00e7on<\/a> <\/span><\/strong>et<strong> laboureur<\/strong><\/span><\/h4>\n<p>&nbsp;<\/p>\n<p style=\"text-align: center;\">n\u00e9 au bourg du Monteil-au-Vicomte<\/p>\n<p style=\"text-align: center;\">le 21 septembre 1732<\/p>\n<p style=\"text-align: center;\">fils de<\/p>\n<p style=\"text-align: center;\">\u00c9tienne LENOIR,<span style=\"color: #008000;\"> <strong>ma\u00e7on <\/strong><\/span><strong>\/ <\/strong>L\u00e9onarde CHAMPESME<\/p>\n<p style=\"text-align: center;\">laboureurs<\/p>\n<p style=\"text-align: center;\"><span style=\"color: #ffffff;\">\u25d9<\/span><\/p>\n<p><em>Jacques \u00e9pouse Marie <\/em><strong>TALABAUD<\/strong><em> le 1er f\u00e9vrier <\/em><strong>1752<\/strong><em> \u00e0 Saint-Pierre-le-Bost. <\/em><\/p>\n<p><span style=\"color: #ff00ff;\"><strong>En<\/strong> <strong>1774<\/strong><\/span><em>, il<\/em> <em>travaille \u00e0 <\/em><span style=\"color: #0000ff;\"><strong>Charnay (69)<\/strong><\/span><em>. <\/em><\/p>\n<p><em>Marie d\u00e9c\u00e8de au Monteil le 14 septembre <\/em><strong>1787<\/strong><em>, \u00e2g\u00e9e de 60 ans. <\/em><\/p>\n<p>&nbsp;<\/p>\n","protected":false},"excerpt":{"rendered":"<p>Mis \u00e0 jour le : 30\/04\/2026Jacques LENOIR 1732 &#8211; apr\u00e8s 1800 \u25bacompagnon ma\u00e7on et laboureur &nbsp; n\u00e9 au bourg du Monteil-au-Vicomte le 21 septembre 1732 fils de \u00c9tienne LENOIR, ma\u00e7on \/ L\u00e9onarde CHAMPESME laboureurs \u25d9 Jacques \u00e9pouse Marie TALABAUD le 1er f\u00e9vrier 1752 \u00e0 Saint-Pierre-le-Bost. En 1774, il travaille \u00e0 Charnay (69). Marie d\u00e9c\u00e8de au ..<\/p>\n<div class=\"clear-fix\"><\/div>\n<p><a href=\"https:\/\/www.lesmaconsdelacreuse.fr\/annuaires\/lettre-l\/l_1275\/\" title=\"Lire la suite...\">Lire la suite<\/a><\/p>\n","protected":false},"author":6,"featured_media":0,"comment_status":"closed","ping_status":"closed","sticky":false,"template":"","format":"standard","meta":{"_acf_changed":false,"_exactmetrics_skip_tracking":false,"_exactmetrics_sitenote_active":false,"_exactmetrics_sitenote_note":"","_exactmetrics_sitenote_category":0,"footnotes":""},"categories":[19],"tags":[],"class_list":["post-7469","post","type-post","status-publish","format-standard","hentry","category-lettre-l"],"acf":[],"_links":{"self":[{"href":"https:\/\/www.lesmaconsdelacreuse.fr\/annuaires\/wp-json\/wp\/v2\/posts\/7469","targetHints":{"allow":["GET"]}}],"collection":[{"href":"https:\/\/www.lesmaconsdelacreuse.fr\/annuaires\/wp-json\/wp\/v2\/posts"}],"about":[{"href":"https:\/\/www.lesmaconsdelacreuse.fr\/annuaires\/wp-json\/wp\/v2\/types\/post"}],"author":[{"embeddable":true,"href":"https:\/\/www.lesmaconsdelacreuse.fr\/annuaires\/wp-json\/wp\/v2\/users\/6"}],"replies":[{"embeddable":true,"href":"https:\/\/www.lesmaconsdelacreuse.fr\/annuaires\/wp-json\/wp\/v2\/comments?post=7469"}],"version-history":[{"count":0,"href":"https:\/\/www.lesmaconsdelacreuse.fr\/annuaires\/wp-json\/wp\/v2\/posts\/7469\/revisions"}],"wp:attachment":[{"href":"https:\/\/www.lesmaconsdelacreuse.fr\/annuaires\/wp-json\/wp\/v2\/media?parent=7469"}],"wp:term":[{"taxonomy":"category","embeddable":true,"href":"https:\/\/www.lesmaconsdelacreuse.fr\/annuaires\/wp-json\/wp\/v2\/categories?post=7469"},{"taxonomy":"post_tag","embeddable":true,"href":"https:\/\/www.lesmaconsdelacreuse.fr\/annuaires\/wp-json\/wp\/v2\/tags?post=7469"}],"curies":[{"name":"wp","href":"https:\/\/api.w.org\/{rel}","templated":true}]}}