{"id":7479,"date":"2019-07-28T13:34:11","date_gmt":"2019-07-28T11:34:11","guid":{"rendered":"http:\/\/lesmaconsdelacreuse.fr\/annuaire\/?p=7479"},"modified":"2020-01-20T11:28:59","modified_gmt":"2020-01-20T10:28:59","slug":"l_1337","status":"publish","type":"post","link":"https:\/\/www.lesmaconsdelacreuse.fr\/annuaires\/lettre-l\/l_1337\/","title":{"rendered":"LENOIR Joseph (1844-1926)"},"content":{"rendered":"<p class=\"last-updated\"><strong>Mis \u00e0 jour le :<\/strong> 01\/05\/2026<\/p><h2 style=\"text-align: center;\"><strong>Joseph LENOIR<\/strong><\/h2>\n<p style=\"text-align: center;\"><strong>1844 \u2013 1926<\/strong><\/p>\n<p style=\"text-align: center;\"><img loading=\"lazy\" decoding=\"async\" class=\"\" title=\"\" src=\"https:\/\/lesmaconsdelacreuse.fr\/annuaire\/wp-content\/uploads\/2019\/07\/image1-1979.jpg\" alt=\"\" width=\"176\" height=\"93\" data-source-id=\"i.0\" data-asset-id=\"7476\" \/><\/p>\n<h4 style=\"text-align: center;\"><span style=\"color: #008000;\"><strong>ma\u00e7on <\/strong>et <strong>propri\u00e9taire cultivateur<\/strong><\/span><\/h4>\n<p style=\"text-align: center;\"><span style=\"color: #000000;\">n\u00e9 <\/span>\u00e0 Haute-Faye (Roy\u00e8re)<\/p>\n<p style=\"text-align: center;\">le 20 f\u00e9vrier 1844<\/p>\n<p style=\"text-align: center;\">fils de<\/p>\n<p style=\"text-align: center;\">L\u00e9onard LENOIR, <span style=\"color: #008000;\"><strong>ma\u00e7on<\/strong><\/span><\/p>\n<p style=\"text-align: center;\">Anne CL\u00c9MENT, cultivatrice<\/p>\n<p style=\"text-align: center;\"><span style=\"color: #ffffff;\">\u25d9<\/span><\/p>\n<p><em>Joseph \u00e9pouse Marie <\/em><strong>BOURDEAU<\/strong><em> le 23 f\u00e9vrier <\/em><strong>1869<\/strong><em> \u00e0 Roy\u00e8re (contrat Toumieux). <\/em><\/p>\n<p><em>Ils d\u00e9c\u00e8dent \u00e0 Haute-Faye\u00a0:<\/em><\/p>\n<ul>\n<li><em> Marie, le 26 novembre <\/em><strong>1916<\/strong><em>, \u00e2g\u00e9e de 70 ans<\/em><\/li>\n<li><em> Joseph, le 16 novembre <\/em><strong>1926<\/strong><em>, \u00e2g\u00e9 de 82 ans<\/em><\/li>\n<\/ul>\n","protected":false},"excerpt":{"rendered":"<p>Mis \u00e0 jour le : 01\/05\/2026Joseph LENOIR 1844 \u2013 1926 ma\u00e7on et propri\u00e9taire cultivateur n\u00e9 \u00e0 Haute-Faye (Roy\u00e8re) le 20 f\u00e9vrier 1844 fils de L\u00e9onard LENOIR, ma\u00e7on Anne CL\u00c9MENT, cultivatrice \u25d9 Joseph \u00e9pouse Marie BOURDEAU le 23 f\u00e9vrier 1869 \u00e0 Roy\u00e8re (contrat Toumieux). Ils d\u00e9c\u00e8dent \u00e0 Haute-Faye\u00a0: Marie, le 26 novembre 1916, \u00e2g\u00e9e de 70 ..<\/p>\n<div class=\"clear-fix\"><\/div>\n<p><a href=\"https:\/\/www.lesmaconsdelacreuse.fr\/annuaires\/lettre-l\/l_1337\/\" title=\"Lire la suite...\">Lire la suite<\/a><\/p>\n","protected":false},"author":6,"featured_media":0,"comment_status":"closed","ping_status":"closed","sticky":false,"template":"","format":"standard","meta":{"_acf_changed":false,"_exactmetrics_skip_tracking":false,"_exactmetrics_sitenote_active":false,"_exactmetrics_sitenote_note":"","_exactmetrics_sitenote_category":0,"footnotes":""},"categories":[19],"tags":[],"class_list":["post-7479","post","type-post","status-publish","format-standard","hentry","category-lettre-l"],"acf":[],"_links":{"self":[{"href":"https:\/\/www.lesmaconsdelacreuse.fr\/annuaires\/wp-json\/wp\/v2\/posts\/7479","targetHints":{"allow":["GET"]}}],"collection":[{"href":"https:\/\/www.lesmaconsdelacreuse.fr\/annuaires\/wp-json\/wp\/v2\/posts"}],"about":[{"href":"https:\/\/www.lesmaconsdelacreuse.fr\/annuaires\/wp-json\/wp\/v2\/types\/post"}],"author":[{"embeddable":true,"href":"https:\/\/www.lesmaconsdelacreuse.fr\/annuaires\/wp-json\/wp\/v2\/users\/6"}],"replies":[{"embeddable":true,"href":"https:\/\/www.lesmaconsdelacreuse.fr\/annuaires\/wp-json\/wp\/v2\/comments?post=7479"}],"version-history":[{"count":0,"href":"https:\/\/www.lesmaconsdelacreuse.fr\/annuaires\/wp-json\/wp\/v2\/posts\/7479\/revisions"}],"wp:attachment":[{"href":"https:\/\/www.lesmaconsdelacreuse.fr\/annuaires\/wp-json\/wp\/v2\/media?parent=7479"}],"wp:term":[{"taxonomy":"category","embeddable":true,"href":"https:\/\/www.lesmaconsdelacreuse.fr\/annuaires\/wp-json\/wp\/v2\/categories?post=7479"},{"taxonomy":"post_tag","embeddable":true,"href":"https:\/\/www.lesmaconsdelacreuse.fr\/annuaires\/wp-json\/wp\/v2\/tags?post=7479"}],"curies":[{"name":"wp","href":"https:\/\/api.w.org\/{rel}","templated":true}]}}