{"id":7486,"date":"2019-07-28T13:34:11","date_gmt":"2019-07-28T11:34:11","guid":{"rendered":"http:\/\/lesmaconsdelacreuse.fr\/annuaire\/?p=7486"},"modified":"2020-01-20T11:28:59","modified_gmt":"2020-01-20T10:28:59","slug":"l_1290","status":"publish","type":"post","link":"https:\/\/www.lesmaconsdelacreuse.fr\/annuaires\/lettre-l\/l_1290\/","title":{"rendered":"LENOIR Jean (1730-vers 1799)"},"content":{"rendered":"<p class=\"last-updated\"><strong>Mis \u00e0 jour le :<\/strong> 01\/05\/2026<\/p><h2 style=\"text-align: center;\"><strong>Jean LENOIR<\/strong><\/h2>\n<p style=\"text-align: center;\"><strong>dit Le Fauretier<\/strong><\/p>\n<p style=\"text-align: center;\"><strong>1730 \u2013 vers 1799<\/strong><\/p>\n<p style=\"text-align: center;\"><img decoding=\"async\" title=\"\" src=\"https:\/\/lesmaconsdelacreuse.fr\/annuaire\/wp-content\/uploads\/2019\/07\/image1-1982.jpg\" alt=\"\" data-source-id=\"i.0\" data-asset-id=\"7482\" \/><\/p>\n<h4 style=\"text-align: center;\"><span style=\"color: #008000;\"><strong>ma\u00e7on <\/strong>et<strong> laboureur<\/strong><\/span><\/h4>\n<p style=\"text-align: center;\">n\u00e9 \u00e0 Vauveix (Roy\u00e8re)<\/p>\n<p style=\"text-align: center;\">le 24 ao\u00fbt 1730<\/p>\n<p style=\"text-align: center;\">fils de<\/p>\n<p style=\"text-align: center;\">Joseph LENOIR \/ Louise B\u00c9NASSY<\/p>\n<p style=\"text-align: center;\"><span style=\"color: #ffffff;\">\u25d9<\/span><\/p>\n<p><em>Jean \u00e9pouse P\u00e9tronille <\/em><strong>DEBERTRAND <\/strong><em>\u00e0 Roy\u00e8re le 13 f\u00e9vrier <\/em><strong>1749<\/strong><em>. Ils habitent Vauveix.<\/em><\/p>\n<p><em>P\u00e9tronille y d\u00e9c\u00e8de, inhum\u00e9e \u00e0 Roy\u00e8re le 9 ao\u00fbt <\/em><strong>1778<\/strong><em><strong>,<\/strong> \u00e2g\u00e9e de 48 ans.<\/em><\/p>\n<p><em>Jean d\u00e9c\u00e8de \u00e0 <\/em><span style=\"color: #0000ff;\"><strong>Saint-Priest-la-Prugne (42)<\/strong><\/span><em> \u25ba<\/em><span style=\"color: #ff00ff;\"><a target=\"_blank\"style=\"color: #ff00ff;\" href=\"https:\/\/www.lesmaconsdelacreuse.fr\/annuaires\/\/wp-content\/uploads\/DOCUMENTS\/1802_-_Jean_LENOIR_decede_a_Saint-Priest-la-Prugne.pdf\"><strong>vers 1799<\/strong><\/a><\/span><em>, \u00e2g\u00e9 de 69 ans environ.<\/em><\/p>\n","protected":false},"excerpt":{"rendered":"<p>Mis \u00e0 jour le : 01\/05\/2026Jean LENOIR dit Le Fauretier 1730 \u2013 vers 1799 ma\u00e7on et laboureur n\u00e9 \u00e0 Vauveix (Roy\u00e8re) le 24 ao\u00fbt 1730 fils de Joseph LENOIR \/ Louise B\u00c9NASSY \u25d9 Jean \u00e9pouse P\u00e9tronille DEBERTRAND \u00e0 Roy\u00e8re le 13 f\u00e9vrier 1749. Ils habitent Vauveix. P\u00e9tronille y d\u00e9c\u00e8de, inhum\u00e9e \u00e0 Roy\u00e8re le 9 ao\u00fbt ..<\/p>\n<div class=\"clear-fix\"><\/div>\n<p><a href=\"https:\/\/www.lesmaconsdelacreuse.fr\/annuaires\/lettre-l\/l_1290\/\" title=\"Lire la suite...\">Lire la suite<\/a><\/p>\n","protected":false},"author":6,"featured_media":0,"comment_status":"closed","ping_status":"closed","sticky":false,"template":"","format":"standard","meta":{"_acf_changed":false,"_exactmetrics_skip_tracking":false,"_exactmetrics_sitenote_active":false,"_exactmetrics_sitenote_note":"","_exactmetrics_sitenote_category":0,"footnotes":""},"categories":[19],"tags":[],"class_list":["post-7486","post","type-post","status-publish","format-standard","hentry","category-lettre-l"],"acf":[],"_links":{"self":[{"href":"https:\/\/www.lesmaconsdelacreuse.fr\/annuaires\/wp-json\/wp\/v2\/posts\/7486","targetHints":{"allow":["GET"]}}],"collection":[{"href":"https:\/\/www.lesmaconsdelacreuse.fr\/annuaires\/wp-json\/wp\/v2\/posts"}],"about":[{"href":"https:\/\/www.lesmaconsdelacreuse.fr\/annuaires\/wp-json\/wp\/v2\/types\/post"}],"author":[{"embeddable":true,"href":"https:\/\/www.lesmaconsdelacreuse.fr\/annuaires\/wp-json\/wp\/v2\/users\/6"}],"replies":[{"embeddable":true,"href":"https:\/\/www.lesmaconsdelacreuse.fr\/annuaires\/wp-json\/wp\/v2\/comments?post=7486"}],"version-history":[{"count":0,"href":"https:\/\/www.lesmaconsdelacreuse.fr\/annuaires\/wp-json\/wp\/v2\/posts\/7486\/revisions"}],"wp:attachment":[{"href":"https:\/\/www.lesmaconsdelacreuse.fr\/annuaires\/wp-json\/wp\/v2\/media?parent=7486"}],"wp:term":[{"taxonomy":"category","embeddable":true,"href":"https:\/\/www.lesmaconsdelacreuse.fr\/annuaires\/wp-json\/wp\/v2\/categories?post=7486"},{"taxonomy":"post_tag","embeddable":true,"href":"https:\/\/www.lesmaconsdelacreuse.fr\/annuaires\/wp-json\/wp\/v2\/tags?post=7486"}],"curies":[{"name":"wp","href":"https:\/\/api.w.org\/{rel}","templated":true}]}}