{"id":7487,"date":"2019-07-28T13:34:11","date_gmt":"2019-07-28T11:34:11","guid":{"rendered":"http:\/\/lesmaconsdelacreuse.fr\/annuaire\/?p=7487"},"modified":"2020-01-20T11:28:59","modified_gmt":"2020-01-20T10:28:59","slug":"l_1293","status":"publish","type":"post","link":"https:\/\/www.lesmaconsdelacreuse.fr\/annuaires\/lettre-l\/l_1293\/","title":{"rendered":"LENOIR Jean (1771-1836)"},"content":{"rendered":"<p class=\"last-updated\"><strong>Mis \u00e0 jour le :<\/strong> 01\/05\/2026<\/p><h2 style=\"text-align: center;\"><strong>Jean LENOIR<\/strong><\/h2>\n<p style=\"text-align: center;\"><strong>1771 \u2013 1836<\/strong><\/p>\n<p style=\"text-align: center;\"><img loading=\"lazy\" decoding=\"async\" class=\"\" title=\"\" src=\"https:\/\/lesmaconsdelacreuse.fr\/annuaire\/wp-content\/uploads\/2019\/07\/image1-1981.jpg\" alt=\"\" width=\"345\" height=\"156\" data-source-id=\"i.0\" data-asset-id=\"7481\" \/><\/p>\n<h4 style=\"text-align: center;\"><span style=\"color: #008000;\"><strong>ma\u00e7on <\/strong>et <strong>propri\u00e9taire cultivateur<\/strong><\/span><\/h4>\n<p style=\"text-align: center;\">n\u00e9 \u00e0 Andaleix (Roy\u00e8re)<\/p>\n<p style=\"text-align: center;\">le 3 avril 1771<\/p>\n<p style=\"text-align: center;\">fils de<\/p>\n<p style=\"text-align: center;\">L\u00e9onard LENOIR, <span style=\"color: #008000;\"><strong>ma\u00e7on<\/strong><\/span><\/p>\n<p style=\"text-align: center;\">Jeanne CHALEIX, cultivatrice<\/p>\n<p style=\"text-align: center;\"><span style=\"color: #ffffff;\">\u25d9<\/span><\/p>\n<p><em>Jean \u00e9pouse Julienne <\/em><strong>VACHER<\/strong><em> le 30 pluvi\u00f4se an VIII (19 f\u00e9vrier <\/em><strong>1800<\/strong><em>) \u00e0 Gentioux. <\/em><\/p>\n<p><em>Veuf, il se remarie le 9 vent\u00f4se an X (28 f\u00e9vrier <\/em><strong>1802<\/strong><em>) \u00e0 La Nouaille avec Marie <\/em><strong>PICARD<\/strong><em> (contrat Coutisson \u00e0 Roy\u00e8re).<\/em><\/p>\n<p><em> Ils habitent Andaleix o\u00f9 d\u00e9c\u00e8de Marie le 13 vend\u00e9miaire an XII (6 octobre <\/em><strong>1803<\/strong><em>), \u00e2g\u00e9e de 30 ans. <\/em><\/p>\n<p><em>Jean se marie en 3e noces avec Anne <\/em><strong>JAUDAUX<\/strong><em> le 26 f\u00e9vrier <\/em><strong>1810<\/strong><em> \u00e0 Roy\u00e8re. Ils vivent \u00e0 Andaleix.<\/em><\/p>\n<p><em>Anne y d\u00e9c\u00e8de le 17 novembre <\/em><strong>1828<\/strong><em>, \u00e2g\u00e9e de 44 ans.<\/em><\/p>\n<p><em>Jean teste le 9 octobre <\/em><strong>1830<\/strong><em> devant Me Toumieux de Roy\u00e8re, et d\u00e9c\u00e8de \u00e0 Andaleix le 30 janvier <\/em><strong>1836<\/strong><em>, \u00e2g\u00e9 de 64 ans.<\/em><\/p>\n","protected":false},"excerpt":{"rendered":"<p>Mis \u00e0 jour le : 01\/05\/2026Jean LENOIR 1771 \u2013 1836 ma\u00e7on et propri\u00e9taire cultivateur n\u00e9 \u00e0 Andaleix (Roy\u00e8re) le 3 avril 1771 fils de L\u00e9onard LENOIR, ma\u00e7on Jeanne CHALEIX, cultivatrice \u25d9 Jean \u00e9pouse Julienne VACHER le 30 pluvi\u00f4se an VIII (19 f\u00e9vrier 1800) \u00e0 Gentioux. Veuf, il se remarie le 9 vent\u00f4se an X (28 ..<\/p>\n<div class=\"clear-fix\"><\/div>\n<p><a href=\"https:\/\/www.lesmaconsdelacreuse.fr\/annuaires\/lettre-l\/l_1293\/\" title=\"Lire la suite...\">Lire la suite<\/a><\/p>\n","protected":false},"author":6,"featured_media":0,"comment_status":"closed","ping_status":"closed","sticky":false,"template":"","format":"standard","meta":{"_acf_changed":false,"_exactmetrics_skip_tracking":false,"_exactmetrics_sitenote_active":false,"_exactmetrics_sitenote_note":"","_exactmetrics_sitenote_category":0,"footnotes":""},"categories":[19],"tags":[],"class_list":["post-7487","post","type-post","status-publish","format-standard","hentry","category-lettre-l"],"acf":[],"_links":{"self":[{"href":"https:\/\/www.lesmaconsdelacreuse.fr\/annuaires\/wp-json\/wp\/v2\/posts\/7487","targetHints":{"allow":["GET"]}}],"collection":[{"href":"https:\/\/www.lesmaconsdelacreuse.fr\/annuaires\/wp-json\/wp\/v2\/posts"}],"about":[{"href":"https:\/\/www.lesmaconsdelacreuse.fr\/annuaires\/wp-json\/wp\/v2\/types\/post"}],"author":[{"embeddable":true,"href":"https:\/\/www.lesmaconsdelacreuse.fr\/annuaires\/wp-json\/wp\/v2\/users\/6"}],"replies":[{"embeddable":true,"href":"https:\/\/www.lesmaconsdelacreuse.fr\/annuaires\/wp-json\/wp\/v2\/comments?post=7487"}],"version-history":[{"count":0,"href":"https:\/\/www.lesmaconsdelacreuse.fr\/annuaires\/wp-json\/wp\/v2\/posts\/7487\/revisions"}],"wp:attachment":[{"href":"https:\/\/www.lesmaconsdelacreuse.fr\/annuaires\/wp-json\/wp\/v2\/media?parent=7487"}],"wp:term":[{"taxonomy":"category","embeddable":true,"href":"https:\/\/www.lesmaconsdelacreuse.fr\/annuaires\/wp-json\/wp\/v2\/categories?post=7487"},{"taxonomy":"post_tag","embeddable":true,"href":"https:\/\/www.lesmaconsdelacreuse.fr\/annuaires\/wp-json\/wp\/v2\/tags?post=7487"}],"curies":[{"name":"wp","href":"https:\/\/api.w.org\/{rel}","templated":true}]}}