{"id":7488,"date":"2019-07-28T13:34:11","date_gmt":"2019-07-28T11:34:11","guid":{"rendered":"http:\/\/lesmaconsdelacreuse.fr\/annuaire\/?p=7488"},"modified":"2020-01-20T11:28:59","modified_gmt":"2020-01-20T10:28:59","slug":"l_1268","status":"publish","type":"post","link":"https:\/\/www.lesmaconsdelacreuse.fr\/annuaires\/lettre-l\/l_1268\/","title":{"rendered":"LENOIR Gabriel (1743-apr\u00e8s 1776)"},"content":{"rendered":"<p class=\"last-updated\"><strong>Mis \u00e0 jour le :<\/strong> 01\/05\/2026<\/p><h2 style=\"text-align: center;\"><strong>Gabriel LENOIR<\/strong><\/h2>\n<p style=\"text-align: center;\"><strong>1743 \u2013 apr\u00e8s 1776<\/strong><\/p>\n<p style=\"text-align: center;\"><img decoding=\"async\" title=\"\" src=\"https:\/\/lesmaconsdelacreuse.fr\/annuaire\/wp-content\/uploads\/2019\/07\/image1-1983.jpg\" alt=\"\" data-source-id=\"i.0\" data-asset-id=\"7483\" \/><\/p>\n<h4 style=\"text-align: center;\"><span style=\"color: #008000;\"><strong>ma\u00e7on<\/strong><\/span><\/h4>\n<p style=\"text-align: center;\">n\u00e9 \u00e0 L\u00e2ge (Saint-Martin-Ch\u00e2teau)<\/p>\n<p style=\"text-align: center;\">le 2 novembre 1743<\/p>\n<p style=\"text-align: center;\">fils de<\/p>\n<p style=\"text-align: center;\">Martin LENOIR, <span style=\"color: #008000;\"><strong>ma\u00e7on <\/strong><\/span><strong>\/ <\/strong>Marie LENOIR<\/p>\n<p style=\"text-align: center;\">laboureurs<\/p>\n<p style=\"text-align: center;\"><span style=\"color: #ffffff;\">\u25d9<\/span><\/p>\n<p><em>Gabriel \u00e9pouse Marie <\/em><strong>BAILLY<\/strong><em> le 23 janvier <\/em><strong>1769<\/strong><em> \u00e0 Saint-Martin. Ils habitent Boussac, m\u00eame paroisse.<\/em><\/p>\n<p><em>Marie y d\u00e9c\u00e8de le 12 novembre <\/em><strong>1776<\/strong><em>, \u00e2g\u00e9e de 25 ans.<\/em><\/p>\n","protected":false},"excerpt":{"rendered":"<p>Mis \u00e0 jour le : 01\/05\/2026Gabriel LENOIR 1743 \u2013 apr\u00e8s 1776 ma\u00e7on n\u00e9 \u00e0 L\u00e2ge (Saint-Martin-Ch\u00e2teau) le 2 novembre 1743 fils de Martin LENOIR, ma\u00e7on \/ Marie LENOIR laboureurs \u25d9 Gabriel \u00e9pouse Marie BAILLY le 23 janvier 1769 \u00e0 Saint-Martin. Ils habitent Boussac, m\u00eame paroisse. Marie y d\u00e9c\u00e8de le 12 novembre 1776, \u00e2g\u00e9e de 25 ..<\/p>\n<div class=\"clear-fix\"><\/div>\n<p><a href=\"https:\/\/www.lesmaconsdelacreuse.fr\/annuaires\/lettre-l\/l_1268\/\" title=\"Lire la suite...\">Lire la suite<\/a><\/p>\n","protected":false},"author":6,"featured_media":0,"comment_status":"closed","ping_status":"closed","sticky":false,"template":"","format":"standard","meta":{"_acf_changed":false,"_exactmetrics_skip_tracking":false,"_exactmetrics_sitenote_active":false,"_exactmetrics_sitenote_note":"","_exactmetrics_sitenote_category":0,"footnotes":""},"categories":[19],"tags":[],"class_list":["post-7488","post","type-post","status-publish","format-standard","hentry","category-lettre-l"],"acf":[],"_links":{"self":[{"href":"https:\/\/www.lesmaconsdelacreuse.fr\/annuaires\/wp-json\/wp\/v2\/posts\/7488","targetHints":{"allow":["GET"]}}],"collection":[{"href":"https:\/\/www.lesmaconsdelacreuse.fr\/annuaires\/wp-json\/wp\/v2\/posts"}],"about":[{"href":"https:\/\/www.lesmaconsdelacreuse.fr\/annuaires\/wp-json\/wp\/v2\/types\/post"}],"author":[{"embeddable":true,"href":"https:\/\/www.lesmaconsdelacreuse.fr\/annuaires\/wp-json\/wp\/v2\/users\/6"}],"replies":[{"embeddable":true,"href":"https:\/\/www.lesmaconsdelacreuse.fr\/annuaires\/wp-json\/wp\/v2\/comments?post=7488"}],"version-history":[{"count":0,"href":"https:\/\/www.lesmaconsdelacreuse.fr\/annuaires\/wp-json\/wp\/v2\/posts\/7488\/revisions"}],"wp:attachment":[{"href":"https:\/\/www.lesmaconsdelacreuse.fr\/annuaires\/wp-json\/wp\/v2\/media?parent=7488"}],"wp:term":[{"taxonomy":"category","embeddable":true,"href":"https:\/\/www.lesmaconsdelacreuse.fr\/annuaires\/wp-json\/wp\/v2\/categories?post=7488"},{"taxonomy":"post_tag","embeddable":true,"href":"https:\/\/www.lesmaconsdelacreuse.fr\/annuaires\/wp-json\/wp\/v2\/tags?post=7488"}],"curies":[{"name":"wp","href":"https:\/\/api.w.org\/{rel}","templated":true}]}}