{"id":7492,"date":"2019-07-28T13:33:54","date_gmt":"2019-07-28T11:33:54","guid":{"rendered":"http:\/\/lesmaconsdelacreuse.fr\/annuaire\/?p=7492"},"modified":"2020-01-20T11:29:00","modified_gmt":"2020-01-20T10:29:00","slug":"l_1262","status":"publish","type":"post","link":"https:\/\/www.lesmaconsdelacreuse.fr\/annuaires\/lettre-l\/l_1262\/","title":{"rendered":"LENOIR Fran\u00e7ois (1875-apr\u00e8s 1900)"},"content":{"rendered":"<p class=\"last-updated\"><strong>Mis \u00e0 jour le :<\/strong> 01\/05\/2026<\/p><h2 style=\"text-align: center;\"><strong>Fran\u00e7ois LENOIR<\/strong><\/h2>\n<p style=\"text-align: center;\"><strong>1875 \u2013 apr\u00e8s 1900<\/strong><\/p>\n<p style=\"text-align: center;\"><img loading=\"lazy\" decoding=\"async\" class=\"\" title=\"\" src=\"https:\/\/lesmaconsdelacreuse.fr\/annuaire\/wp-content\/uploads\/2019\/07\/image1-1985.jpg\" alt=\"\" width=\"184\" height=\"81\" data-source-id=\"i.0\" data-asset-id=\"7491\" \/><\/p>\n<h4 style=\"text-align: center;\"><span style=\"color: #008000;\"><strong>ma\u00e7on<\/strong><\/span><\/h4>\n<p style=\"text-align: center;\">n\u00e9 \u00e0 Villecros (Roy\u00e8re)<\/p>\n<p style=\"text-align: center;\">le 21 ao\u00fbt 1875<\/p>\n<p style=\"text-align: center;\">fils de<\/p>\n<p style=\"text-align: center;\">Martial LENOIR, <span style=\"color: #008000;\"><strong>ma\u00e7on<\/strong><\/span><\/p>\n<p style=\"text-align: center;\">Marie MEILHAC, cultivatrice<\/p>\n<p style=\"text-align: center;\"><span style=\"color: #ffffff;\">\u25d9<\/span><\/p>\n<p><strong>En 1900<\/strong><em>, Fran\u00e7ois travaille \u00e0 <\/em><span style=\"color: #0000ff;\"><strong>Paris (75)<\/strong><\/span><em> et loge 27, rue Saint-Louis en l\u2019Ile, dans le 5e arrondissement.<\/em><\/p>\n<p><em>Il \u00e9pouse \u00e0 Paris 4e, le 15 septembre de la m\u00eame ann\u00e9e<\/em>,<em> Julie <\/em><strong>CROISILLE<\/strong><em>, journali\u00e8re n\u00e9e en Haute-Vienne (mari\u00e9s sans contrat). <\/em><\/p>\n<p><em>Julie d\u00e9c\u00e8de le 31 ao\u00fbt <\/em><strong>1953<\/strong> <em>\u00e0 Paris 14e, \u00e2g\u00e9e de 72 ans.<\/em><\/p>\n","protected":false},"excerpt":{"rendered":"<p>Mis \u00e0 jour le : 01\/05\/2026Fran\u00e7ois LENOIR 1875 \u2013 apr\u00e8s 1900 ma\u00e7on n\u00e9 \u00e0 Villecros (Roy\u00e8re) le 21 ao\u00fbt 1875 fils de Martial LENOIR, ma\u00e7on Marie MEILHAC, cultivatrice \u25d9 En 1900, Fran\u00e7ois travaille \u00e0 Paris (75) et loge 27, rue Saint-Louis en l\u2019Ile, dans le 5e arrondissement. Il \u00e9pouse \u00e0 Paris 4e, le 15 septembre ..<\/p>\n<div class=\"clear-fix\"><\/div>\n<p><a href=\"https:\/\/www.lesmaconsdelacreuse.fr\/annuaires\/lettre-l\/l_1262\/\" title=\"Lire la suite...\">Lire la suite<\/a><\/p>\n","protected":false},"author":6,"featured_media":0,"comment_status":"closed","ping_status":"closed","sticky":false,"template":"","format":"standard","meta":{"_acf_changed":false,"_exactmetrics_skip_tracking":false,"_exactmetrics_sitenote_active":false,"_exactmetrics_sitenote_note":"","_exactmetrics_sitenote_category":0,"footnotes":""},"categories":[19],"tags":[],"class_list":["post-7492","post","type-post","status-publish","format-standard","hentry","category-lettre-l"],"acf":[],"_links":{"self":[{"href":"https:\/\/www.lesmaconsdelacreuse.fr\/annuaires\/wp-json\/wp\/v2\/posts\/7492","targetHints":{"allow":["GET"]}}],"collection":[{"href":"https:\/\/www.lesmaconsdelacreuse.fr\/annuaires\/wp-json\/wp\/v2\/posts"}],"about":[{"href":"https:\/\/www.lesmaconsdelacreuse.fr\/annuaires\/wp-json\/wp\/v2\/types\/post"}],"author":[{"embeddable":true,"href":"https:\/\/www.lesmaconsdelacreuse.fr\/annuaires\/wp-json\/wp\/v2\/users\/6"}],"replies":[{"embeddable":true,"href":"https:\/\/www.lesmaconsdelacreuse.fr\/annuaires\/wp-json\/wp\/v2\/comments?post=7492"}],"version-history":[{"count":0,"href":"https:\/\/www.lesmaconsdelacreuse.fr\/annuaires\/wp-json\/wp\/v2\/posts\/7492\/revisions"}],"wp:attachment":[{"href":"https:\/\/www.lesmaconsdelacreuse.fr\/annuaires\/wp-json\/wp\/v2\/media?parent=7492"}],"wp:term":[{"taxonomy":"category","embeddable":true,"href":"https:\/\/www.lesmaconsdelacreuse.fr\/annuaires\/wp-json\/wp\/v2\/categories?post=7492"},{"taxonomy":"post_tag","embeddable":true,"href":"https:\/\/www.lesmaconsdelacreuse.fr\/annuaires\/wp-json\/wp\/v2\/tags?post=7492"}],"curies":[{"name":"wp","href":"https:\/\/api.w.org\/{rel}","templated":true}]}}