{"id":7507,"date":"2019-07-28T13:33:53","date_gmt":"2019-07-28T11:33:53","guid":{"rendered":"http:\/\/lesmaconsdelacreuse.fr\/annuaire\/?p=7507"},"modified":"2020-05-30T15:21:26","modified_gmt":"2020-05-30T13:21:26","slug":"l_1316","status":"publish","type":"post","link":"https:\/\/www.lesmaconsdelacreuse.fr\/annuaires\/lettre-l\/l_1316\/","title":{"rendered":"LENOIR Jean (1842-apr\u00e8s 1872)"},"content":{"rendered":"<p class=\"last-updated\"><strong>Mis \u00e0 jour le :<\/strong> 01\/05\/2026<\/p><h2 style=\"text-align: center;\"><strong>Jean LENOIR<\/strong><\/h2>\n<p style=\"text-align: center;\"><strong>1842 \u2013 apr\u00e8s 1872<\/strong><\/p>\n<p style=\"text-align: center;\"><img loading=\"lazy\" decoding=\"async\" class=\"\" title=\"\" src=\"https:\/\/lesmaconsdelacreuse.fr\/annuaire\/wp-content\/uploads\/2019\/07\/image1-1991.jpg\" alt=\"\" width=\"357\" height=\"129\" data-source-id=\"i.0\" data-asset-id=\"7506\" \/><\/p>\n<h4 style=\"text-align: center;\"><span style=\"color: #008000;\"><strong>ma\u00e7on<\/strong> et <strong>fumist<\/strong><strong>e<\/strong><\/span><\/h4>\n<p style=\"text-align: center;\">n\u00e9 \u00e0 Vaux (Valli\u00e8re)<\/p>\n<p style=\"text-align: center;\">le 4 f\u00e9vrier 1842<\/p>\n<p style=\"text-align: center;\">fils naturel de<\/p>\n<p style=\"text-align: center;\">Marie LENOIR<\/p>\n<p style=\"text-align: center;\"><span style=\"color: #ffffff;\">\u25d9<\/span><\/p>\n<p><em>Jean, <\/em><span style=\"color: #008000;\"><strong>ma\u00e7on<\/strong><\/span><em>, habite Le Monteil-au-Vicomte avec sa m\u00e8re lorsqu\u2019il \u00e9pouse H\u00e9l\u00e8ne Marie <\/em><strong>BONNAMOUR<\/strong><em>, couturi\u00e8re, le 24 f\u00e9vrier <\/em><strong>1868<\/strong><em> \u00e0 Saint-Pierre-le-Bost (contrat Gloumeau au Monteil-au-Vicomte). <\/em><\/p>\n<p><strong>En 1872<\/strong><em>, il travaille \u00e0 <\/em><span style=\"color: #0000ff;\"><strong>Lyon (69)<\/strong><\/span><em>, comme <\/em><span style=\"color: #008000;\"><strong>fumiste<\/strong><\/span><em>, et les \u00e9poux habitent 40, rue Tramassac.<\/em><\/p>\n","protected":false},"excerpt":{"rendered":"<p>Mis \u00e0 jour le : 01\/05\/2026Jean LENOIR 1842 \u2013 apr\u00e8s 1872 ma\u00e7on et fumiste n\u00e9 \u00e0 Vaux (Valli\u00e8re) le 4 f\u00e9vrier 1842 fils naturel de Marie LENOIR \u25d9 Jean, ma\u00e7on, habite Le Monteil-au-Vicomte avec sa m\u00e8re lorsqu\u2019il \u00e9pouse H\u00e9l\u00e8ne Marie BONNAMOUR, couturi\u00e8re, le 24 f\u00e9vrier 1868 \u00e0 Saint-Pierre-le-Bost (contrat Gloumeau au Monteil-au-Vicomte). En 1872, il ..<\/p>\n<div class=\"clear-fix\"><\/div>\n<p><a href=\"https:\/\/www.lesmaconsdelacreuse.fr\/annuaires\/lettre-l\/l_1316\/\" title=\"Lire la suite...\">Lire la suite<\/a><\/p>\n","protected":false},"author":6,"featured_media":0,"comment_status":"closed","ping_status":"closed","sticky":false,"template":"","format":"standard","meta":{"_acf_changed":false,"_exactmetrics_skip_tracking":false,"_exactmetrics_sitenote_active":false,"_exactmetrics_sitenote_note":"","_exactmetrics_sitenote_category":0,"footnotes":""},"categories":[19],"tags":[],"class_list":["post-7507","post","type-post","status-publish","format-standard","hentry","category-lettre-l"],"acf":[],"_links":{"self":[{"href":"https:\/\/www.lesmaconsdelacreuse.fr\/annuaires\/wp-json\/wp\/v2\/posts\/7507","targetHints":{"allow":["GET"]}}],"collection":[{"href":"https:\/\/www.lesmaconsdelacreuse.fr\/annuaires\/wp-json\/wp\/v2\/posts"}],"about":[{"href":"https:\/\/www.lesmaconsdelacreuse.fr\/annuaires\/wp-json\/wp\/v2\/types\/post"}],"author":[{"embeddable":true,"href":"https:\/\/www.lesmaconsdelacreuse.fr\/annuaires\/wp-json\/wp\/v2\/users\/6"}],"replies":[{"embeddable":true,"href":"https:\/\/www.lesmaconsdelacreuse.fr\/annuaires\/wp-json\/wp\/v2\/comments?post=7507"}],"version-history":[{"count":0,"href":"https:\/\/www.lesmaconsdelacreuse.fr\/annuaires\/wp-json\/wp\/v2\/posts\/7507\/revisions"}],"wp:attachment":[{"href":"https:\/\/www.lesmaconsdelacreuse.fr\/annuaires\/wp-json\/wp\/v2\/media?parent=7507"}],"wp:term":[{"taxonomy":"category","embeddable":true,"href":"https:\/\/www.lesmaconsdelacreuse.fr\/annuaires\/wp-json\/wp\/v2\/categories?post=7507"},{"taxonomy":"post_tag","embeddable":true,"href":"https:\/\/www.lesmaconsdelacreuse.fr\/annuaires\/wp-json\/wp\/v2\/tags?post=7507"}],"curies":[{"name":"wp","href":"https:\/\/api.w.org\/{rel}","templated":true}]}}