{"id":7511,"date":"2019-07-28T13:33:52","date_gmt":"2019-07-28T11:33:52","guid":{"rendered":"http:\/\/lesmaconsdelacreuse.fr\/annuaire\/?p=7511"},"modified":"2020-09-29T08:49:04","modified_gmt":"2020-09-29T06:49:04","slug":"l_1300","status":"publish","type":"post","link":"https:\/\/www.lesmaconsdelacreuse.fr\/annuaires\/lettre-l\/l_1300\/","title":{"rendered":"LENOIR Jean (1804-1854)"},"content":{"rendered":"<p class=\"last-updated\"><strong>Mis \u00e0 jour le :<\/strong> 01\/05\/2026<\/p><h2 style=\"text-align: center;\"><strong>Jean LENOIR<\/strong><\/h2>\n<p style=\"text-align: center;\"><strong>1804 \u2013 1854<\/strong><\/p>\n<p style=\"text-align: center;\"><img decoding=\"async\" title=\"\" src=\"https:\/\/lesmaconsdelacreuse.fr\/annuaire\/wp-content\/uploads\/2019\/07\/image1-1992.jpg\" alt=\"\" data-source-id=\"i.0\" data-asset-id=\"7509\" \/><\/p>\n<h4 style=\"text-align: center;\"><span style=\"color: #008000;\"><strong>ma\u00e7on<\/strong> puis\u00a0<\/span><em>\u25ba<\/em><a href=\"https:\/\/www.lesmaconsdelacreuse.fr\/annuaires\/wp-content\/uploads\/2019\/08\/VOITURIER.png\" target=\"_blank\" rel=\"noopener noreferrer\"><strong><span style=\"color: #008000;\">voiturier<\/span><\/strong><\/a><\/h4>\n<p>&nbsp;<\/p>\n<p style=\"text-align: center;\">n\u00e9 \u00e0 Haute-Faye (Roy\u00e8re)<\/p>\n<p style=\"text-align: center;\">le 15 brumaire an XIII (6 novembre 1804)<\/p>\n<p style=\"text-align: center;\">fils de<\/p>\n<p style=\"text-align: center;\">Jacques LENOIR, <span style=\"color: #008000;\"><strong>ma\u00e7on<\/strong><\/span><\/p>\n<p style=\"text-align: center;\">L\u00e9onarde CHAPELLENIE, cultivatrice<\/p>\n<p style=\"text-align: center;\"><span style=\"color: #ffffff;\">\u25d9<\/span><\/p>\n<p><strong>En 1827<\/strong><em>, Jean, <\/em><span style=\"color: #008000;\"><strong>ma\u00e7on<\/strong><\/span><em><span style=\"color: #008000;\">,<\/span> travaille \u00e0 <\/em>La Guilloti\u00e8re (69)<em> et loge 18, rue Madame, <\/em><\/p>\n<p><em>Il y \u00e9pouse Antoinette <\/em><strong>THONNERIEUX<\/strong><em>, ouvri\u00e8re en soie native du Rh\u00f4ne,<\/em> <em>le 27 f\u00e9vrier de la m\u00eame ann\u00e9e.<\/em><\/p>\n<p><strong>En 1834 et 1835<\/strong><em>, ils habitent La Guilloti\u00e8re, cours Lafayette. <\/em><\/p>\n<p><strong>En 1848<\/strong><em>, ils habitent 51, rue Moli\u00e8re o\u00f9 d\u00e9c\u00e8de Antoinette le 18 d\u00e9cembre de cette ann\u00e9e, \u00e2g\u00e9e de 38 ans. <\/em><\/p>\n<p><strong>En 1854<\/strong><em>, Jean est <\/em><span style=\"color: #008000;\"><strong>voiturier<\/strong><\/span><em> chez M. Faure, 4, rue Turenne, \u00e0 <\/em><span style=\"color: #0000ff;\"><strong>Lyon (69)<\/strong><\/span><em>.<\/em><\/p>\n<p><em>Il d\u00e9c\u00e8de \u00e0 \u25ba<a href=\"https:\/\/www.lesmaconsdelacreuse.fr\/annuaires\/\/wp-content\/uploads\/PHOTOS_-_CARTES_POSTALES\/LYON_-_Hopital_de_lHotel-Dieu.jpg\" target=\"_blank\" rel=\"noopener noreferrer\">l\u2019H\u00f4tel-Dieu<\/a>, Lyon 2e le 12 mai de la m\u00eame ann\u00e9e, \u00e2g\u00e9 de 49 ans. <\/em><\/p>\n<p>&nbsp;<\/p>\n","protected":false},"excerpt":{"rendered":"<p>Mis \u00e0 jour le : 01\/05\/2026Jean LENOIR 1804 \u2013 1854 ma\u00e7on puis\u00a0\u25bavoiturier &nbsp; n\u00e9 \u00e0 Haute-Faye (Roy\u00e8re) le 15 brumaire an XIII (6 novembre 1804) fils de Jacques LENOIR, ma\u00e7on L\u00e9onarde CHAPELLENIE, cultivatrice \u25d9 En 1827, Jean, ma\u00e7on, travaille \u00e0 La Guilloti\u00e8re (69) et loge 18, rue Madame, Il y \u00e9pouse Antoinette THONNERIEUX, ouvri\u00e8re en ..<\/p>\n<div class=\"clear-fix\"><\/div>\n<p><a href=\"https:\/\/www.lesmaconsdelacreuse.fr\/annuaires\/lettre-l\/l_1300\/\" title=\"Lire la suite...\">Lire la suite<\/a><\/p>\n","protected":false},"author":6,"featured_media":0,"comment_status":"closed","ping_status":"closed","sticky":false,"template":"","format":"standard","meta":{"_acf_changed":false,"_exactmetrics_skip_tracking":false,"_exactmetrics_sitenote_active":false,"_exactmetrics_sitenote_note":"","_exactmetrics_sitenote_category":0,"footnotes":""},"categories":[19],"tags":[],"class_list":["post-7511","post","type-post","status-publish","format-standard","hentry","category-lettre-l"],"acf":[],"_links":{"self":[{"href":"https:\/\/www.lesmaconsdelacreuse.fr\/annuaires\/wp-json\/wp\/v2\/posts\/7511","targetHints":{"allow":["GET"]}}],"collection":[{"href":"https:\/\/www.lesmaconsdelacreuse.fr\/annuaires\/wp-json\/wp\/v2\/posts"}],"about":[{"href":"https:\/\/www.lesmaconsdelacreuse.fr\/annuaires\/wp-json\/wp\/v2\/types\/post"}],"author":[{"embeddable":true,"href":"https:\/\/www.lesmaconsdelacreuse.fr\/annuaires\/wp-json\/wp\/v2\/users\/6"}],"replies":[{"embeddable":true,"href":"https:\/\/www.lesmaconsdelacreuse.fr\/annuaires\/wp-json\/wp\/v2\/comments?post=7511"}],"version-history":[{"count":0,"href":"https:\/\/www.lesmaconsdelacreuse.fr\/annuaires\/wp-json\/wp\/v2\/posts\/7511\/revisions"}],"wp:attachment":[{"href":"https:\/\/www.lesmaconsdelacreuse.fr\/annuaires\/wp-json\/wp\/v2\/media?parent=7511"}],"wp:term":[{"taxonomy":"category","embeddable":true,"href":"https:\/\/www.lesmaconsdelacreuse.fr\/annuaires\/wp-json\/wp\/v2\/categories?post=7511"},{"taxonomy":"post_tag","embeddable":true,"href":"https:\/\/www.lesmaconsdelacreuse.fr\/annuaires\/wp-json\/wp\/v2\/tags?post=7511"}],"curies":[{"name":"wp","href":"https:\/\/api.w.org\/{rel}","templated":true}]}}