{"id":7520,"date":"2019-07-28T13:33:52","date_gmt":"2019-07-28T11:33:52","guid":{"rendered":"http:\/\/lesmaconsdelacreuse.fr\/annuaire\/?p=7520"},"modified":"2022-04-13T11:40:46","modified_gmt":"2022-04-13T09:40:46","slug":"l_1197","status":"publish","type":"post","link":"https:\/\/www.lesmaconsdelacreuse.fr\/annuaires\/lettre-l\/l_1197\/","title":{"rendered":"LENOIR Aim\u00e9 Auguste (1907-1980)"},"content":{"rendered":"<p class=\"last-updated\"><strong>Mis \u00e0 jour le :<\/strong> 01\/05\/2026<\/p><h2 style=\"text-align: center;\"><strong>Aim\u00e9 Auguste LENOIR<\/strong><\/h2>\n<p style=\"text-align: center;\"><strong>1907 \u2013 1980<\/strong><\/p>\n<h4 style=\"text-align: center;\"><strong><span style=\"color: #008000;\"><a href=\"https:\/\/www.lesmaconsdelacreuse.fr\/annuaires\/wp-content\/uploads\/2019\/07\/1740-Prix-fait-\u00e0-Gabriel-QUEYRAT-1.jpg\">\u25ba<\/a><a href=\"https:\/\/www.lesmaconsdelacreuse.fr\/annuaires\/wp-content\/uploads\/2020\/08\/CHARPENTIER.png\" target=\"_blank\" rel=\"noopener noreferrer\"><span style=\"color: #008000;\">charpentier<\/span><\/a><\/span><\/strong><\/h4>\n<p>&nbsp;<\/p>\n<p style=\"text-align: center;\">n\u00e9 au Massadour (Saint-Pardoux-Lavaud)<\/p>\n<p style=\"text-align: center;\">le 25 juin 1907<\/p>\n<p style=\"text-align: center;\">fils de<\/p>\n<p style=\"text-align: center;\">Auguste Joseph LENOIR, <span style=\"color: #008000;\"><strong>ma\u00e7on<\/strong><\/span><strong> \/ <\/strong>Marie-Louise PERRIER<\/p>\n<p style=\"text-align: center;\">propri\u00e9taires cultivateurs<\/p>\n<p>&nbsp;<\/p>\n<p><em>Aim\u00e9 d\u00e9c\u00e8de \u00e0 Roy\u00e8re le 21 octobre <\/em><strong>1980<\/strong><em>, \u00e2g\u00e9 de 73 ans.<\/em><\/p>\n<p>&nbsp;<\/p>\n","protected":false},"excerpt":{"rendered":"<p>Mis \u00e0 jour le : 01\/05\/2026Aim\u00e9 Auguste LENOIR 1907 \u2013 1980 \u25bacharpentier &nbsp; n\u00e9 au Massadour (Saint-Pardoux-Lavaud) le 25 juin 1907 fils de Auguste Joseph LENOIR, ma\u00e7on \/ Marie-Louise PERRIER propri\u00e9taires cultivateurs &nbsp; Aim\u00e9 d\u00e9c\u00e8de \u00e0 Roy\u00e8re le 21 octobre 1980, \u00e2g\u00e9 de 73 a..<\/p>\n<div class=\"clear-fix\"><\/div>\n<p><a href=\"https:\/\/www.lesmaconsdelacreuse.fr\/annuaires\/lettre-l\/l_1197\/\" title=\"Lire la suite...\">Lire la suite<\/a><\/p>\n","protected":false},"author":6,"featured_media":0,"comment_status":"closed","ping_status":"closed","sticky":false,"template":"","format":"standard","meta":{"_acf_changed":false,"_exactmetrics_skip_tracking":false,"_exactmetrics_sitenote_active":false,"_exactmetrics_sitenote_note":"","_exactmetrics_sitenote_category":0,"footnotes":""},"categories":[19],"tags":[],"class_list":["post-7520","post","type-post","status-publish","format-standard","hentry","category-lettre-l"],"acf":[],"_links":{"self":[{"href":"https:\/\/www.lesmaconsdelacreuse.fr\/annuaires\/wp-json\/wp\/v2\/posts\/7520","targetHints":{"allow":["GET"]}}],"collection":[{"href":"https:\/\/www.lesmaconsdelacreuse.fr\/annuaires\/wp-json\/wp\/v2\/posts"}],"about":[{"href":"https:\/\/www.lesmaconsdelacreuse.fr\/annuaires\/wp-json\/wp\/v2\/types\/post"}],"author":[{"embeddable":true,"href":"https:\/\/www.lesmaconsdelacreuse.fr\/annuaires\/wp-json\/wp\/v2\/users\/6"}],"replies":[{"embeddable":true,"href":"https:\/\/www.lesmaconsdelacreuse.fr\/annuaires\/wp-json\/wp\/v2\/comments?post=7520"}],"version-history":[{"count":1,"href":"https:\/\/www.lesmaconsdelacreuse.fr\/annuaires\/wp-json\/wp\/v2\/posts\/7520\/revisions"}],"predecessor-version":[{"id":197511,"href":"https:\/\/www.lesmaconsdelacreuse.fr\/annuaires\/wp-json\/wp\/v2\/posts\/7520\/revisions\/197511"}],"wp:attachment":[{"href":"https:\/\/www.lesmaconsdelacreuse.fr\/annuaires\/wp-json\/wp\/v2\/media?parent=7520"}],"wp:term":[{"taxonomy":"category","embeddable":true,"href":"https:\/\/www.lesmaconsdelacreuse.fr\/annuaires\/wp-json\/wp\/v2\/categories?post=7520"},{"taxonomy":"post_tag","embeddable":true,"href":"https:\/\/www.lesmaconsdelacreuse.fr\/annuaires\/wp-json\/wp\/v2\/tags?post=7520"}],"curies":[{"name":"wp","href":"https:\/\/api.w.org\/{rel}","templated":true}]}}