{"id":7521,"date":"2019-07-28T13:33:52","date_gmt":"2019-07-28T11:33:52","guid":{"rendered":"http:\/\/lesmaconsdelacreuse.fr\/annuaire\/?p=7521"},"modified":"2022-06-07T07:38:52","modified_gmt":"2022-06-07T05:38:52","slug":"l_1263","status":"publish","type":"post","link":"https:\/\/www.lesmaconsdelacreuse.fr\/annuaires\/lettre-l\/l_1263\/","title":{"rendered":"LENOIR Fran\u00e7ois (1879-apr\u00e8s 1905)"},"content":{"rendered":"<p class=\"last-updated\"><strong>Mis \u00e0 jour le :<\/strong> 01\/05\/2026<\/p><h2 style=\"text-align: center;\"><strong>Fran\u00e7ois LENOIR<\/strong><\/h2>\n<p style=\"text-align: center;\"><strong>1879 \u2013 apr\u00e8s 1905<\/strong><\/p>\n<p><a href=\"https:\/\/www.lesmaconsdelacreuse.fr\/annuaires\/wp-content\/uploads\/2019\/07\/LENOIR-Francois-1879.jpg\"><img loading=\"lazy\" decoding=\"async\" class=\"size-full wp-image-200018 aligncenter\" src=\"https:\/\/www.lesmaconsdelacreuse.fr\/annuaires\/wp-content\/uploads\/2019\/07\/LENOIR-Francois-1879.jpg\" alt=\"\" width=\"187\" height=\"57\" srcset=\"https:\/\/www.lesmaconsdelacreuse.fr\/annuaires\/wp-content\/uploads\/2019\/07\/LENOIR-Francois-1879.jpg 187w, https:\/\/www.lesmaconsdelacreuse.fr\/annuaires\/wp-content\/uploads\/2019\/07\/LENOIR-Francois-1879-16x5.jpg 16w, https:\/\/www.lesmaconsdelacreuse.fr\/annuaires\/wp-content\/uploads\/2019\/07\/LENOIR-Francois-1879-150x46.jpg 150w\" sizes=\"auto, (max-width: 187px) 100vw, 187px\" \/><\/a><\/p>\n<h4 style=\"text-align: center;\"><span style=\"color: #008000;\"><strong>ma\u00e7on<\/strong><\/span><\/h4>\n<p style=\"text-align: center;\">n\u00e9 \u00e0 Bost-Boussac (Saint-Martin-Ch\u00e2teau)<\/p>\n<p style=\"text-align: center;\">le 6 septembre 1879<\/p>\n<p style=\"text-align: center;\">fils de<\/p>\n<p style=\"text-align: center;\">Jean LENOIR, sabotier<\/p>\n<p style=\"text-align: center;\">Anne BONNET, cultivatrice<\/p>\n<p style=\"text-align: center;\"><span style=\"color: #ffffff;\">\u25d9<\/span><\/p>\n<p><strong>En 1900<\/strong><em>, Fran\u00e7ois est exempt\u00e9 de service militaire, pour fracture \u00e0 la jambe gauche.<\/em><\/p>\n<p><em>Il \u00e9pouse Marie Jos\u00e9phine <\/em><strong>DENIS<\/strong><em> le 4 f\u00e9vrier <\/em><strong>1905<\/strong><em> \u00e0 Saint-Junien-la-Breg\u00e8re (contrat Berger \u00e0 Bourganeuf).<\/em><\/p>\n<p><em> Ils habitent Boussac.<\/em><\/p>\n<p><em>Marie Jos\u00e9phine d\u00e9c\u00e8de \u00e0 La Fert\u00e9-Mac\u00e9 (61) le 13 mai <\/em><strong>1972<\/strong><em>, \u00e2g\u00e9e de 87 ans.<\/em><\/p>\n","protected":false},"excerpt":{"rendered":"<p>Mis \u00e0 jour le : 01\/05\/2026Fran\u00e7ois LENOIR 1879 \u2013 apr\u00e8s 1905 ma\u00e7on n\u00e9 \u00e0 Bost-Boussac (Saint-Martin-Ch\u00e2teau) le 6 septembre 1879 fils de Jean LENOIR, sabotier Anne BONNET, cultivatrice \u25d9 En 1900, Fran\u00e7ois est exempt\u00e9 de service militaire, pour fracture \u00e0 la jambe gauche. Il \u00e9pouse Marie Jos\u00e9phine DENIS le 4 f\u00e9vrier 1905 \u00e0 Saint-Junien-la-Breg\u00e8re (contrat ..<\/p>\n<div class=\"clear-fix\"><\/div>\n<p><a href=\"https:\/\/www.lesmaconsdelacreuse.fr\/annuaires\/lettre-l\/l_1263\/\" title=\"Lire la suite...\">Lire la suite<\/a><\/p>\n","protected":false},"author":6,"featured_media":0,"comment_status":"closed","ping_status":"closed","sticky":false,"template":"","format":"standard","meta":{"_acf_changed":false,"_exactmetrics_skip_tracking":false,"_exactmetrics_sitenote_active":false,"_exactmetrics_sitenote_note":"","_exactmetrics_sitenote_category":0,"footnotes":""},"categories":[19],"tags":[],"class_list":["post-7521","post","type-post","status-publish","format-standard","hentry","category-lettre-l"],"acf":[],"_links":{"self":[{"href":"https:\/\/www.lesmaconsdelacreuse.fr\/annuaires\/wp-json\/wp\/v2\/posts\/7521","targetHints":{"allow":["GET"]}}],"collection":[{"href":"https:\/\/www.lesmaconsdelacreuse.fr\/annuaires\/wp-json\/wp\/v2\/posts"}],"about":[{"href":"https:\/\/www.lesmaconsdelacreuse.fr\/annuaires\/wp-json\/wp\/v2\/types\/post"}],"author":[{"embeddable":true,"href":"https:\/\/www.lesmaconsdelacreuse.fr\/annuaires\/wp-json\/wp\/v2\/users\/6"}],"replies":[{"embeddable":true,"href":"https:\/\/www.lesmaconsdelacreuse.fr\/annuaires\/wp-json\/wp\/v2\/comments?post=7521"}],"version-history":[{"count":1,"href":"https:\/\/www.lesmaconsdelacreuse.fr\/annuaires\/wp-json\/wp\/v2\/posts\/7521\/revisions"}],"predecessor-version":[{"id":200019,"href":"https:\/\/www.lesmaconsdelacreuse.fr\/annuaires\/wp-json\/wp\/v2\/posts\/7521\/revisions\/200019"}],"wp:attachment":[{"href":"https:\/\/www.lesmaconsdelacreuse.fr\/annuaires\/wp-json\/wp\/v2\/media?parent=7521"}],"wp:term":[{"taxonomy":"category","embeddable":true,"href":"https:\/\/www.lesmaconsdelacreuse.fr\/annuaires\/wp-json\/wp\/v2\/categories?post=7521"},{"taxonomy":"post_tag","embeddable":true,"href":"https:\/\/www.lesmaconsdelacreuse.fr\/annuaires\/wp-json\/wp\/v2\/tags?post=7521"}],"curies":[{"name":"wp","href":"https:\/\/api.w.org\/{rel}","templated":true}]}}