{"id":7534,"date":"2019-07-28T13:33:51","date_gmt":"2019-07-28T11:33:51","guid":{"rendered":"http:\/\/lesmaconsdelacreuse.fr\/annuaire\/?p=7534"},"modified":"2020-09-27T08:26:41","modified_gmt":"2020-09-27T06:26:41","slug":"l_1245","status":"publish","type":"post","link":"https:\/\/www.lesmaconsdelacreuse.fr\/annuaires\/lettre-l\/l_1245\/","title":{"rendered":"LENOIR \u00c9tienne (d\u00e9c\u00e9d\u00e9 vers 1760)"},"content":{"rendered":"<p class=\"last-updated\"><strong>Mis \u00e0 jour le :<\/strong> 01\/05\/2026<\/p><h2 style=\"text-align: center;\"><strong>\u00c9tienne LENOIR<\/strong><\/h2>\n<p style=\"text-align: center;\"><strong>\u00c9tienne LEN\u00c8GRE<\/strong><\/p>\n<p style=\"text-align: center;\"><strong>d\u00e9c\u00e9d\u00e9 vers 1760<\/strong><\/p>\n<h4 style=\"text-align: center;\"><span style=\"color: #008000;\"><strong>ma\u00e7on<\/strong><\/span><\/h4>\n<p>&nbsp;<\/p>\n<p style=\"text-align: center;\">n\u00e9 \u00e0 Beaubier (Roy\u00e8re)\u00a0?<\/p>\n<p style=\"text-align: center;\">fils de<\/p>\n<p style=\"text-align: center;\">Pierre LENOIR \/ L\u00e9onarde JARRY<\/p>\n<p style=\"text-align: center;\"><span style=\"color: #ffffff;\">\u25d9<\/span><\/p>\n<p><em>\u00c9tienne d\u00e9c\u00e8de \u00e0 <\/em><span style=\"color: #0000ff;\"><strong>Joigny (89)<\/strong><\/span><em> \u25ba<\/em><span style=\"color: #ff00ff;\"><a style=\"color: #ff00ff;\" href=\"https:\/\/www.lesmaconsdelacreuse.fr\/annuaires\/\/wp-content\/uploads\/DOCUMENTS\/1779_-_Etienne_LENOIR_decede_a_Joigny.pdf\" target=\"_blank\" rel=\"noopener noreferrer\"><strong>vers 1760<\/strong><\/a><\/span><em>. Il est probablement <\/em><strong>c\u00e9libataire<\/strong><em>, ou en tout cas sans \u25ba<a href=\"https:\/\/www.lesmaconsdelacreuse.fr\/annuaires\/wp-content\/uploads\/2019\/08\/D\u00c9C\u00c9D\u00c9-SANS-HOIRS.png\" target=\"_blank\" rel=\"noopener noreferrer\"> hoirs<\/a>, puisque sa s\u0153ur est son h\u00e9riti\u00e8re.<\/em><\/p>\n<p>&nbsp;<\/p>\n","protected":false},"excerpt":{"rendered":"<p>Mis \u00e0 jour le : 01\/05\/2026\u00c9tienne LENOIR \u00c9tienne LEN\u00c8GRE d\u00e9c\u00e9d\u00e9 vers 1760 ma\u00e7on &nbsp; n\u00e9 \u00e0 Beaubier (Roy\u00e8re)\u00a0? fils de Pierre LENOIR \/ L\u00e9onarde JARRY \u25d9 \u00c9tienne d\u00e9c\u00e8de \u00e0 Joigny (89) \u25bavers 1760. Il est probablement c\u00e9libataire, ou en tout cas sans \u25ba hoirs, puisque sa s\u0153ur est son h\u00e9riti\u00e8..<\/p>\n<div class=\"clear-fix\"><\/div>\n<p><a href=\"https:\/\/www.lesmaconsdelacreuse.fr\/annuaires\/lettre-l\/l_1245\/\" title=\"Lire la suite...\">Lire la suite<\/a><\/p>\n","protected":false},"author":6,"featured_media":0,"comment_status":"closed","ping_status":"closed","sticky":false,"template":"","format":"standard","meta":{"_acf_changed":false,"_exactmetrics_skip_tracking":false,"_exactmetrics_sitenote_active":false,"_exactmetrics_sitenote_note":"","_exactmetrics_sitenote_category":0,"footnotes":""},"categories":[19],"tags":[],"class_list":["post-7534","post","type-post","status-publish","format-standard","hentry","category-lettre-l"],"acf":[],"_links":{"self":[{"href":"https:\/\/www.lesmaconsdelacreuse.fr\/annuaires\/wp-json\/wp\/v2\/posts\/7534","targetHints":{"allow":["GET"]}}],"collection":[{"href":"https:\/\/www.lesmaconsdelacreuse.fr\/annuaires\/wp-json\/wp\/v2\/posts"}],"about":[{"href":"https:\/\/www.lesmaconsdelacreuse.fr\/annuaires\/wp-json\/wp\/v2\/types\/post"}],"author":[{"embeddable":true,"href":"https:\/\/www.lesmaconsdelacreuse.fr\/annuaires\/wp-json\/wp\/v2\/users\/6"}],"replies":[{"embeddable":true,"href":"https:\/\/www.lesmaconsdelacreuse.fr\/annuaires\/wp-json\/wp\/v2\/comments?post=7534"}],"version-history":[{"count":0,"href":"https:\/\/www.lesmaconsdelacreuse.fr\/annuaires\/wp-json\/wp\/v2\/posts\/7534\/revisions"}],"wp:attachment":[{"href":"https:\/\/www.lesmaconsdelacreuse.fr\/annuaires\/wp-json\/wp\/v2\/media?parent=7534"}],"wp:term":[{"taxonomy":"category","embeddable":true,"href":"https:\/\/www.lesmaconsdelacreuse.fr\/annuaires\/wp-json\/wp\/v2\/categories?post=7534"},{"taxonomy":"post_tag","embeddable":true,"href":"https:\/\/www.lesmaconsdelacreuse.fr\/annuaires\/wp-json\/wp\/v2\/tags?post=7534"}],"curies":[{"name":"wp","href":"https:\/\/api.w.org\/{rel}","templated":true}]}}