{"id":7542,"date":"2019-07-28T13:33:51","date_gmt":"2019-07-28T11:33:51","guid":{"rendered":"http:\/\/lesmaconsdelacreuse.fr\/annuaire\/?p=7542"},"modified":"2020-01-20T11:29:03","modified_gmt":"2020-01-20T10:29:03","slug":"l_1202","status":"publish","type":"post","link":"https:\/\/www.lesmaconsdelacreuse.fr\/annuaires\/lettre-l\/l_1202\/","title":{"rendered":"LENOIR Andr\u00e9 Eug\u00e8ne (1887-1915)"},"content":{"rendered":"<p class=\"last-updated\"><strong>Mis \u00e0 jour le :<\/strong> 01\/05\/2026<\/p><h2 style=\"text-align: center;\"><strong>Andr\u00e9 Eug\u00e8ne LENOIR<\/strong><\/h2>\n<p style=\"text-align: center;\"><strong>1887 \u2013 1915<\/strong><\/p>\n<p style=\"text-align: center;\"><img loading=\"lazy\" decoding=\"async\" class=\"\" title=\"\" src=\"https:\/\/lesmaconsdelacreuse.fr\/annuaire\/wp-content\/uploads\/2019\/07\/image1-2005.jpg\" alt=\"\" width=\"386\" height=\"62\" data-source-id=\"i.0\" data-asset-id=\"7540\" \/><\/p>\n<h4 style=\"text-align: center;\"><span style=\"color: #008000;\"><strong>ma\u00e7on <\/strong>et<strong> cultivateur<\/strong><\/span><\/h4>\n<p style=\"text-align: center;\">n\u00e9 au Mas (Roy\u00e8re)<\/p>\n<p style=\"text-align: center;\">le 15 septembre 1887<\/p>\n<p style=\"text-align: center;\">fils de<\/p>\n<p style=\"text-align: center;\">Pierre LENOIR, <span style=\"color: #008000;\"><strong>ma\u00e7on<\/strong><\/span><\/p>\n<p style=\"text-align: center;\">Augustine SAVY, cultivatrice<\/p>\n<p style=\"text-align: center;\"><span style=\"color: #ffffff;\">\u25d9<\/span><\/p>\n<p><em>Andr\u00e9 \u00e9pouse Marie <\/em><strong>BINETTE<\/strong><em> le 28 f\u00e9vrier <\/em><strong>1914<\/strong><em> \u00e0 Saint-Pierre-le-Bost (contrat Toumieux \u00e0 Roy\u00e8re). Ils habitent d\u2019abord le Planchadeau, commune de Saint-Pierre.<\/em><\/p>\n<p><em> Au moment o\u00f9 la guerre \u00e9clate, ils sont \u00e0 <\/em><span style=\"color: #0000ff;\"><strong>Saint-Cyr-au-Mont-d\u2019Or (69)<\/strong><\/span><em>.<\/em><\/p>\n<p><em> Soldat au 108e R\u00e9giment d\u2019Infanterie, Andr\u00e9 d\u00e9c\u00e8de de ses blessures de guerre le 21 ao\u00fbt <\/em><strong>1915<\/strong><em> dans l\u2019ambulance d\u2019 Habarcq (62), \u00e2g\u00e9 de 27 ans.<\/em><\/p>\n<p><em> Sa veuve se remarie en 1922 avec son beau-fr\u00e8re, Auguste Henri LENOIR, ma\u00e7on, et d\u00e9c\u00e8de \u00e0 Villefranche (69) le 28 mars 1980, \u00e2g\u00e9e de 87 ans.<\/em><\/p>\n","protected":false},"excerpt":{"rendered":"<p>Mis \u00e0 jour le : 01\/05\/2026Andr\u00e9 Eug\u00e8ne LENOIR 1887 \u2013 1915 ma\u00e7on et cultivateur n\u00e9 au Mas (Roy\u00e8re) le 15 septembre 1887 fils de Pierre LENOIR, ma\u00e7on Augustine SAVY, cultivatrice \u25d9 Andr\u00e9 \u00e9pouse Marie BINETTE le 28 f\u00e9vrier 1914 \u00e0 Saint-Pierre-le-Bost (contrat Toumieux \u00e0 Roy\u00e8re). Ils habitent d\u2019abord le Planchadeau, commune de Saint-Pierre. Au moment ..<\/p>\n<div class=\"clear-fix\"><\/div>\n<p><a href=\"https:\/\/www.lesmaconsdelacreuse.fr\/annuaires\/lettre-l\/l_1202\/\" title=\"Lire la suite...\">Lire la suite<\/a><\/p>\n","protected":false},"author":6,"featured_media":0,"comment_status":"closed","ping_status":"closed","sticky":false,"template":"","format":"standard","meta":{"_acf_changed":false,"_exactmetrics_skip_tracking":false,"_exactmetrics_sitenote_active":false,"_exactmetrics_sitenote_note":"","_exactmetrics_sitenote_category":0,"footnotes":""},"categories":[19],"tags":[],"class_list":["post-7542","post","type-post","status-publish","format-standard","hentry","category-lettre-l"],"acf":[],"_links":{"self":[{"href":"https:\/\/www.lesmaconsdelacreuse.fr\/annuaires\/wp-json\/wp\/v2\/posts\/7542","targetHints":{"allow":["GET"]}}],"collection":[{"href":"https:\/\/www.lesmaconsdelacreuse.fr\/annuaires\/wp-json\/wp\/v2\/posts"}],"about":[{"href":"https:\/\/www.lesmaconsdelacreuse.fr\/annuaires\/wp-json\/wp\/v2\/types\/post"}],"author":[{"embeddable":true,"href":"https:\/\/www.lesmaconsdelacreuse.fr\/annuaires\/wp-json\/wp\/v2\/users\/6"}],"replies":[{"embeddable":true,"href":"https:\/\/www.lesmaconsdelacreuse.fr\/annuaires\/wp-json\/wp\/v2\/comments?post=7542"}],"version-history":[{"count":0,"href":"https:\/\/www.lesmaconsdelacreuse.fr\/annuaires\/wp-json\/wp\/v2\/posts\/7542\/revisions"}],"wp:attachment":[{"href":"https:\/\/www.lesmaconsdelacreuse.fr\/annuaires\/wp-json\/wp\/v2\/media?parent=7542"}],"wp:term":[{"taxonomy":"category","embeddable":true,"href":"https:\/\/www.lesmaconsdelacreuse.fr\/annuaires\/wp-json\/wp\/v2\/categories?post=7542"},{"taxonomy":"post_tag","embeddable":true,"href":"https:\/\/www.lesmaconsdelacreuse.fr\/annuaires\/wp-json\/wp\/v2\/tags?post=7542"}],"curies":[{"name":"wp","href":"https:\/\/api.w.org\/{rel}","templated":true}]}}