{"id":7545,"date":"2019-07-28T13:33:50","date_gmt":"2019-07-28T11:33:50","guid":{"rendered":"http:\/\/lesmaconsdelacreuse.fr\/annuaire\/?p=7545"},"modified":"2020-01-20T11:29:05","modified_gmt":"2020-01-20T10:29:05","slug":"l_1266","status":"publish","type":"post","link":"https:\/\/www.lesmaconsdelacreuse.fr\/annuaires\/lettre-l\/l_1266\/","title":{"rendered":"LENOIR Fran\u00e7ois \u00c9mile (1877-1946)"},"content":{"rendered":"<p class=\"last-updated\"><strong>Mis \u00e0 jour le :<\/strong> 01\/05\/2026<\/p><h2 style=\"text-align: center;\"><strong>Fran\u00e7ois \u00c9mile LENOIR<\/strong><\/h2>\n<p style=\"text-align: center;\"><strong>\u00c9mile LENOIR<\/strong><\/p>\n<p style=\"text-align: center;\"><strong>1877 \u2013 1946<\/strong><\/p>\n<p style=\"text-align: center;\"><img decoding=\"async\" title=\"\" src=\"https:\/\/lesmaconsdelacreuse.fr\/annuaire\/wp-content\/uploads\/2019\/07\/image1-2006.jpg\" alt=\"\" data-source-id=\"i.0\" data-asset-id=\"7543\" \/><\/p>\n<h4 style=\"text-align: center;\"><span style=\"color: #008000;\"><strong>ma\u00e7on<\/strong><\/span><\/h4>\n<p style=\"text-align: center;\">n\u00e9 \u00e0 La Villatte (Saint-Junien-la-Breg\u00e8re)<\/p>\n<p style=\"text-align: center;\">le 1er septembre 1877<\/p>\n<p style=\"text-align: center;\">fils de<\/p>\n<p style=\"text-align: center;\">Andr\u00e9 LENOIR, <span style=\"color: #008000;\"><strong>ma\u00e7on<\/strong><\/span><\/p>\n<p style=\"text-align: center;\">Th\u00e9r\u00e8se REBY, cultivatrice<\/p>\n<p style=\"text-align: center;\"><span style=\"color: #ffffff;\">\u25d9<\/span><\/p>\n<p><strong>En 1898<\/strong><em>, \u00c9mile travaille en <\/em><span style=\"color: #0000ff;\"><strong>Gironde <\/strong><\/span><em>et y passe le conseil de r\u00e9vision.<\/em><\/p>\n<p><strong>En 1901<\/strong><em>, il habite <\/em><span style=\"color: #0000ff;\"><strong>Talence (33)<\/strong><\/span><em>.<\/em><\/p>\n<p><em> Il \u00e9pouse Victorine Ad\u00e8le L\u00e9ontine <\/em><strong>LENOIR<\/strong><em>, couturi\u00e8re,<\/em> <em>le 29 d\u00e9cembre <\/em><strong>1904<\/strong> <em>\u00e0 Saint-Pierre-le-Bost (mari\u00e9s sans contrat). Ce mariage oncle-ni\u00e8ce n\u00e9cessite une dispense de parent\u00e9 du Pr\u00e9sident de la R\u00e9publique.<\/em><\/p>\n<p><strong>De 1910 \u00e0 1913<\/strong> <em>au moins, \u00c9mile est \u00e0 <\/em><span style=\"color: #0000ff;\"><strong>Bordeaux (33)<\/strong><\/span><em>, 20, cit\u00e9 Grateloup.<\/em><\/p>\n<p><em>Les \u00e9poux d\u00e9c\u00e8dent\u00a0:<\/em><\/p>\n<ul>\n<li><em>\u00c9mile, \u00e0 <\/em><span style=\"color: #0000ff;\"><strong>Pessac (33)<\/strong><\/span><em>, le 3 janvier <\/em><strong>1946<\/strong><em>, \u00e2g\u00e9 de 68 ans<\/em><\/li>\n<li><em>Victoria, \u00e0 Ch\u00e2tain, commune du Monteil-au-Vicomte, le 24 septembre <\/em><strong>1949<\/strong><em>, \u00e2g\u00e9e de 65 ans<\/em><\/li>\n<\/ul>\n<h2><\/h2>\n<p style=\"text-align: center;\"><span style=\"color: #ffffff;\">\u25d9<\/span><\/p>\n","protected":false},"excerpt":{"rendered":"<p>Mis \u00e0 jour le : 01\/05\/2026Fran\u00e7ois \u00c9mile LENOIR \u00c9mile LENOIR 1877 \u2013 1946 ma\u00e7on n\u00e9 \u00e0 La Villatte (Saint-Junien-la-Breg\u00e8re) le 1er septembre 1877 fils de Andr\u00e9 LENOIR, ma\u00e7on Th\u00e9r\u00e8se REBY, cultivatrice \u25d9 En 1898, \u00c9mile travaille en Gironde et y passe le conseil de r\u00e9vision. En 1901, il habite Talence (33). Il \u00e9pouse Victorine Ad\u00e8le ..<\/p>\n<div class=\"clear-fix\"><\/div>\n<p><a href=\"https:\/\/www.lesmaconsdelacreuse.fr\/annuaires\/lettre-l\/l_1266\/\" title=\"Lire la suite...\">Lire la suite<\/a><\/p>\n","protected":false},"author":6,"featured_media":0,"comment_status":"closed","ping_status":"closed","sticky":false,"template":"","format":"standard","meta":{"_acf_changed":false,"_exactmetrics_skip_tracking":false,"_exactmetrics_sitenote_active":false,"_exactmetrics_sitenote_note":"","_exactmetrics_sitenote_category":0,"footnotes":""},"categories":[19],"tags":[],"class_list":["post-7545","post","type-post","status-publish","format-standard","hentry","category-lettre-l"],"acf":[],"_links":{"self":[{"href":"https:\/\/www.lesmaconsdelacreuse.fr\/annuaires\/wp-json\/wp\/v2\/posts\/7545","targetHints":{"allow":["GET"]}}],"collection":[{"href":"https:\/\/www.lesmaconsdelacreuse.fr\/annuaires\/wp-json\/wp\/v2\/posts"}],"about":[{"href":"https:\/\/www.lesmaconsdelacreuse.fr\/annuaires\/wp-json\/wp\/v2\/types\/post"}],"author":[{"embeddable":true,"href":"https:\/\/www.lesmaconsdelacreuse.fr\/annuaires\/wp-json\/wp\/v2\/users\/6"}],"replies":[{"embeddable":true,"href":"https:\/\/www.lesmaconsdelacreuse.fr\/annuaires\/wp-json\/wp\/v2\/comments?post=7545"}],"version-history":[{"count":0,"href":"https:\/\/www.lesmaconsdelacreuse.fr\/annuaires\/wp-json\/wp\/v2\/posts\/7545\/revisions"}],"wp:attachment":[{"href":"https:\/\/www.lesmaconsdelacreuse.fr\/annuaires\/wp-json\/wp\/v2\/media?parent=7545"}],"wp:term":[{"taxonomy":"category","embeddable":true,"href":"https:\/\/www.lesmaconsdelacreuse.fr\/annuaires\/wp-json\/wp\/v2\/categories?post=7545"},{"taxonomy":"post_tag","embeddable":true,"href":"https:\/\/www.lesmaconsdelacreuse.fr\/annuaires\/wp-json\/wp\/v2\/tags?post=7545"}],"curies":[{"name":"wp","href":"https:\/\/api.w.org\/{rel}","templated":true}]}}