{"id":7547,"date":"2019-07-28T13:33:50","date_gmt":"2019-07-28T11:33:50","guid":{"rendered":"http:\/\/lesmaconsdelacreuse.fr\/annuaire\/?p=7547"},"modified":"2020-10-14T10:29:35","modified_gmt":"2020-10-14T08:29:35","slug":"l_1179","status":"publish","type":"post","link":"https:\/\/www.lesmaconsdelacreuse.fr\/annuaires\/lettre-l\/l_1179\/","title":{"rendered":"LENAIN Antoine (1727-apr\u00e8s 1779)"},"content":{"rendered":"<p class=\"last-updated\"><strong>Mis \u00e0 jour le :<\/strong> 01\/05\/2026<\/p><h2 style=\"text-align: center;\"><strong>Antoine LENAIN<\/strong><\/h2>\n<p style=\"text-align: center;\"><strong>1727 \u2013 apr\u00e8s 1779<\/strong><\/p>\n<p style=\"text-align: center;\"><img decoding=\"async\" title=\"\" src=\"https:\/\/lesmaconsdelacreuse.fr\/annuaire\/wp-content\/uploads\/2019\/07\/image1-2007.jpg\" alt=\"\" data-source-id=\"i.0\" data-asset-id=\"7546\" \/><\/p>\n<h4 style=\"text-align: center;\"><span style=\"color: #008000;\"><strong>\u25ba\u00a0<a href=\"https:\/\/www.lesmaconsdelacreuse.fr\/annuaires\/wp-content\/uploads\/2020\/07\/MA\u00ceTRE-MA\u00c7ON.png\" target=\"_blank\" rel=\"noopener noreferrer\"><span style=\"color: #008000;\">ma\u00eetre ma\u00e7on<\/span><\/a> <\/strong>et <strong>laboureur<\/strong><\/span><\/h4>\n<p>&nbsp;<\/p>\n<p style=\"text-align: center;\">n\u00e9 au Villard (Roy\u00e8re)<\/p>\n<p style=\"text-align: center;\">le 3 octobre 1727<\/p>\n<p style=\"text-align: center;\">fils de<\/p>\n<p style=\"text-align: center;\">Jean LENAIN le jeune \/ Marie BROULLAUD<\/p>\n<p style=\"text-align: center;\">laboureurs<\/p>\n<p style=\"text-align: center;\"><span style=\"color: #ffffff;\">\u25d9<\/span><\/p>\n<p><em>Antoine \u00e9pouse Marguerite <\/em><strong>COUTISSON<\/strong><em> le 28 janvier <\/em><strong>1749<\/strong><em> \u00e0 Roy\u00e8re (contrat Coutisson). <\/em><\/p>\n<p><em>Ils habitent Le Villard. <\/em><\/p>\n<p><em>\u25ba<\/em><a href=\"https:\/\/www.lesmaconsdelacreuse.fr\/annuaires\/\/wp-content\/uploads\/DOCUMENTS\/1773_-_Antoine_LENAIN_a_Macon.pdf\" target=\"_blank\" rel=\"noopener noreferrer\"><strong><span style=\"color: #ff00ff;\">En<\/span><\/strong><\/a><strong><span style=\"color: #ff00ff;\"> <a style=\"color: #ff00ff;\" href=\"https:\/\/www.lesmaconsdelacreuse.fr\/annuaires\/\/wp-content\/uploads\/DOCUMENTS\/1773_-_Antoine_LENAIN_a_Macon.pdf\" target=\"_blank\" rel=\"noopener noreferrer\">1773<\/a><\/span><\/strong><em>, \u25ba<\/em><a href=\"https:\/\/www.lesmaconsdelacreuse.fr\/annuaires\/\/wp-content\/uploads\/DOCUMENTS\/1778_-_Antoine_LENAIN_a_Macon.pdf\" target=\"_blank\" rel=\"noopener noreferrer\"><strong><span style=\"color: #ff00ff;\">1778<\/span><\/strong><\/a> <em>et<\/em><strong> \u25ba<span style=\"color: #ff00ff;\"><a style=\"color: #ff00ff;\" href=\"https:\/\/www.lesmaconsdelacreuse.fr\/annuaires\/\/wp-content\/uploads\/DOCUMENTS\/1778_et_1779_-_Antoine_LENAIN_a_Macon.pdf\" target=\"_blank\" rel=\"noopener noreferrer\">1779<\/a><\/span><\/strong><em>, Antoine travaille dans la ville de <\/em><span style=\"color: #0000ff;\"><strong>M\u00e2con (71)<\/strong><\/span><em> et ses environs, et loge chez le sieur Lapierre, aubergiste. <\/em><\/p>\n<p><em>Marguerite d\u00e9c\u00e8de au Villard le 28 brumaire an VII (18 novembre <\/em><strong>1798<\/strong><em>), \u00e2g\u00e9e de 68 ans.<\/em><\/p>\n<p>&nbsp;<\/p>\n","protected":false},"excerpt":{"rendered":"<p>Mis \u00e0 jour le : 01\/05\/2026Antoine LENAIN 1727 \u2013 apr\u00e8s 1779 \u25ba\u00a0ma\u00eetre ma\u00e7on et laboureur &nbsp; n\u00e9 au Villard (Roy\u00e8re) le 3 octobre 1727 fils de Jean LENAIN le jeune \/ Marie BROULLAUD laboureurs \u25d9 Antoine \u00e9pouse Marguerite COUTISSON le 28 janvier 1749 \u00e0 Roy\u00e8re (contrat Coutisson). Ils habitent Le Villard. \u25baEn 1773, \u25ba1778 et ..<\/p>\n<div class=\"clear-fix\"><\/div>\n<p><a href=\"https:\/\/www.lesmaconsdelacreuse.fr\/annuaires\/lettre-l\/l_1179\/\" title=\"Lire la suite...\">Lire la suite<\/a><\/p>\n","protected":false},"author":6,"featured_media":0,"comment_status":"closed","ping_status":"closed","sticky":false,"template":"","format":"standard","meta":{"_acf_changed":false,"_exactmetrics_skip_tracking":false,"_exactmetrics_sitenote_active":false,"_exactmetrics_sitenote_note":"","_exactmetrics_sitenote_category":0,"footnotes":""},"categories":[19],"tags":[],"class_list":["post-7547","post","type-post","status-publish","format-standard","hentry","category-lettre-l"],"acf":[],"_links":{"self":[{"href":"https:\/\/www.lesmaconsdelacreuse.fr\/annuaires\/wp-json\/wp\/v2\/posts\/7547","targetHints":{"allow":["GET"]}}],"collection":[{"href":"https:\/\/www.lesmaconsdelacreuse.fr\/annuaires\/wp-json\/wp\/v2\/posts"}],"about":[{"href":"https:\/\/www.lesmaconsdelacreuse.fr\/annuaires\/wp-json\/wp\/v2\/types\/post"}],"author":[{"embeddable":true,"href":"https:\/\/www.lesmaconsdelacreuse.fr\/annuaires\/wp-json\/wp\/v2\/users\/6"}],"replies":[{"embeddable":true,"href":"https:\/\/www.lesmaconsdelacreuse.fr\/annuaires\/wp-json\/wp\/v2\/comments?post=7547"}],"version-history":[{"count":0,"href":"https:\/\/www.lesmaconsdelacreuse.fr\/annuaires\/wp-json\/wp\/v2\/posts\/7547\/revisions"}],"wp:attachment":[{"href":"https:\/\/www.lesmaconsdelacreuse.fr\/annuaires\/wp-json\/wp\/v2\/media?parent=7547"}],"wp:term":[{"taxonomy":"category","embeddable":true,"href":"https:\/\/www.lesmaconsdelacreuse.fr\/annuaires\/wp-json\/wp\/v2\/categories?post=7547"},{"taxonomy":"post_tag","embeddable":true,"href":"https:\/\/www.lesmaconsdelacreuse.fr\/annuaires\/wp-json\/wp\/v2\/tags?post=7547"}],"curies":[{"name":"wp","href":"https:\/\/api.w.org\/{rel}","templated":true}]}}