{"id":7554,"date":"2019-07-28T13:33:50","date_gmt":"2019-07-28T11:33:50","guid":{"rendered":"http:\/\/lesmaconsdelacreuse.fr\/annuaire\/?p=7554"},"modified":"2022-06-07T07:37:53","modified_gmt":"2022-06-07T05:37:53","slug":"l_1251","status":"publish","type":"post","link":"https:\/\/www.lesmaconsdelacreuse.fr\/annuaires\/lettre-l\/l_1251\/","title":{"rendered":"LENOIR \u00c9tienne (1880-apr\u00e8s 1926)"},"content":{"rendered":"<p class=\"last-updated\"><strong>Mis \u00e0 jour le :<\/strong> 01\/05\/2026<\/p><h2 style=\"text-align: center;\"><strong>\u00c9tienne LENOIR<\/strong><\/h2>\n<p style=\"text-align: center;\"><strong>1880 \u2013 apr\u00e8s 1926<\/strong><\/p>\n<p><a href=\"https:\/\/www.lesmaconsdelacreuse.fr\/annuaires\/wp-content\/uploads\/2019\/07\/LENOIR-Etienne-1880.jpg\"><img loading=\"lazy\" decoding=\"async\" class=\"size-full wp-image-200015 aligncenter\" src=\"https:\/\/www.lesmaconsdelacreuse.fr\/annuaires\/wp-content\/uploads\/2019\/07\/LENOIR-Etienne-1880.jpg\" alt=\"\" width=\"141\" height=\"71\" srcset=\"https:\/\/www.lesmaconsdelacreuse.fr\/annuaires\/wp-content\/uploads\/2019\/07\/LENOIR-Etienne-1880.jpg 141w, https:\/\/www.lesmaconsdelacreuse.fr\/annuaires\/wp-content\/uploads\/2019\/07\/LENOIR-Etienne-1880-16x8.jpg 16w\" sizes=\"auto, (max-width: 141px) 100vw, 141px\" \/><\/a><\/p>\n<h4 style=\"text-align: center;\"><span style=\"color: #008000;\"><strong>ma\u00e7on, boucher<\/strong><\/span><\/h4>\n<p>&nbsp;<\/p>\n<p style=\"text-align: center;\"><span style=\"color: #000000;\">n\u00e9 <\/span>\u00e0 La Chaise (Saint-Pardoux-Lavaud)<\/p>\n<p style=\"text-align: center;\">le 18 mars 1880<\/p>\n<p style=\"text-align: center;\">fils de<\/p>\n<p style=\"text-align: center;\">L\u00e9onard LENOIR, <span style=\"color: #008000;\"><strong>ma\u00e7on<\/strong><\/span> et <strong>\u25ba<\/strong><strong><a href=\"https:\/\/www.lesmaconsdelacreuse.fr\/annuaires\/wp-content\/uploads\/2020\/08\/CHARRON.png\" target=\"_blank\" rel=\"noopener noreferrer\">charron<\/a><\/strong><\/p>\n<p style=\"text-align: center;\">Marie LEPETIT, cultivatrice<\/p>\n<p style=\"text-align: center;\"><span style=\"color: #ffffff;\">\u25d9<\/span><\/p>\n<p><strong>En 1901<\/strong><em>, \u00c9tienne, <\/em><span style=\"color: #008000;\"><strong>ma\u00e7on,<\/strong><\/span><em> travaille dans le <\/em><span style=\"color: #0000ff;\"><strong>Rh\u00f4ne (69)<\/strong><\/span><em> et y passe le conseil de r\u00e9vision. Il est ajourn\u00e9 pour faiblesse.<\/em><\/p>\n<p><em>Il \u00e9pouse Anna <\/em><strong>JEANNETAUD<\/strong><em>, factrice, le 9 mars <\/em><strong>1906<\/strong><em> au Monteil-au-Vicomte (mari\u00e9s sans contrat).<\/em><\/p>\n<p><em>Au moment de la naissance de leur premier enfant, \u00e0 la fin de la m\u00eame ann\u00e9e, il est <\/em><span style=\"color: #008000;\"><strong>boucher<\/strong><\/span><em>, et son \u00e9pouse, cuisini\u00e8re.<\/em><\/p>\n<p><strong>En 1907<\/strong><em>, il est \u00e0 <\/em><span style=\"color: #0000ff;\"><strong>Paris (75)<\/strong><\/span><em>, et loge 24, rue Descartes\u00a0;<\/em><\/p>\n<p><strong>en 1919<\/strong><em>, au Monteil-au-Vicomte.<\/em><\/p>\n<p>&nbsp;<\/p>\n","protected":false},"excerpt":{"rendered":"<p>Mis \u00e0 jour le : 01\/05\/2026\u00c9tienne LENOIR 1880 \u2013 apr\u00e8s 1926 ma\u00e7on, boucher &nbsp; n\u00e9 \u00e0 La Chaise (Saint-Pardoux-Lavaud) le 18 mars 1880 fils de L\u00e9onard LENOIR, ma\u00e7on et \u25bacharron Marie LEPETIT, cultivatrice \u25d9 En 1901, \u00c9tienne, ma\u00e7on, travaille dans le Rh\u00f4ne (69) et y passe le conseil de r\u00e9vision. Il est ajourn\u00e9 pour faiblesse. ..<\/p>\n<div class=\"clear-fix\"><\/div>\n<p><a href=\"https:\/\/www.lesmaconsdelacreuse.fr\/annuaires\/lettre-l\/l_1251\/\" title=\"Lire la suite...\">Lire la suite<\/a><\/p>\n","protected":false},"author":6,"featured_media":0,"comment_status":"closed","ping_status":"closed","sticky":false,"template":"","format":"standard","meta":{"_acf_changed":false,"_exactmetrics_skip_tracking":false,"_exactmetrics_sitenote_active":false,"_exactmetrics_sitenote_note":"","_exactmetrics_sitenote_category":0,"footnotes":""},"categories":[19],"tags":[],"class_list":["post-7554","post","type-post","status-publish","format-standard","hentry","category-lettre-l"],"acf":[],"_links":{"self":[{"href":"https:\/\/www.lesmaconsdelacreuse.fr\/annuaires\/wp-json\/wp\/v2\/posts\/7554","targetHints":{"allow":["GET"]}}],"collection":[{"href":"https:\/\/www.lesmaconsdelacreuse.fr\/annuaires\/wp-json\/wp\/v2\/posts"}],"about":[{"href":"https:\/\/www.lesmaconsdelacreuse.fr\/annuaires\/wp-json\/wp\/v2\/types\/post"}],"author":[{"embeddable":true,"href":"https:\/\/www.lesmaconsdelacreuse.fr\/annuaires\/wp-json\/wp\/v2\/users\/6"}],"replies":[{"embeddable":true,"href":"https:\/\/www.lesmaconsdelacreuse.fr\/annuaires\/wp-json\/wp\/v2\/comments?post=7554"}],"version-history":[{"count":3,"href":"https:\/\/www.lesmaconsdelacreuse.fr\/annuaires\/wp-json\/wp\/v2\/posts\/7554\/revisions"}],"predecessor-version":[{"id":200016,"href":"https:\/\/www.lesmaconsdelacreuse.fr\/annuaires\/wp-json\/wp\/v2\/posts\/7554\/revisions\/200016"}],"wp:attachment":[{"href":"https:\/\/www.lesmaconsdelacreuse.fr\/annuaires\/wp-json\/wp\/v2\/media?parent=7554"}],"wp:term":[{"taxonomy":"category","embeddable":true,"href":"https:\/\/www.lesmaconsdelacreuse.fr\/annuaires\/wp-json\/wp\/v2\/categories?post=7554"},{"taxonomy":"post_tag","embeddable":true,"href":"https:\/\/www.lesmaconsdelacreuse.fr\/annuaires\/wp-json\/wp\/v2\/tags?post=7554"}],"curies":[{"name":"wp","href":"https:\/\/api.w.org\/{rel}","templated":true}]}}