{"id":7557,"date":"2019-07-28T13:33:50","date_gmt":"2019-07-28T11:33:50","guid":{"rendered":"http:\/\/lesmaconsdelacreuse.fr\/annuaire\/?p=7557"},"modified":"2020-01-20T11:29:04","modified_gmt":"2020-01-20T10:29:04","slug":"l_1280","status":"publish","type":"post","link":"https:\/\/www.lesmaconsdelacreuse.fr\/annuaires\/lettre-l\/l_1280\/","title":{"rendered":"LENOIR Jacques (1785-1847)"},"content":{"rendered":"<p class=\"last-updated\"><strong>Mis \u00e0 jour le :<\/strong> 01\/05\/2026<\/p><h2 style=\"text-align: center;\"><strong>Jacques LENOIR<\/strong><\/h2>\n<p style=\"text-align: center;\"><strong>1785 \u2013 1847<\/strong><\/p>\n<h4 style=\"text-align: center;\"><img decoding=\"async\" title=\"\" src=\"https:\/\/lesmaconsdelacreuse.fr\/annuaire\/wp-content\/uploads\/2019\/07\/image1-2009.jpg\" alt=\"\" data-source-id=\"i.0\" data-asset-id=\"7549\" \/><\/h4>\n<h4 style=\"text-align: center;\"><span style=\"color: #008000;\"><strong>ma\u00e7on <\/strong>et <strong>propri\u00e9taire cultivateur<\/strong><\/span><\/h4>\n<p style=\"text-align: center;\">n\u00e9 au bourg du Monteil-au-Vicomte<\/p>\n<p style=\"text-align: center;\">le 4 novembre 1785<\/p>\n<p style=\"text-align: center;\">fils de<\/p>\n<p style=\"text-align: center;\">L\u00e9onard LENOIR, <span style=\"color: #008000;\"><strong>ma\u00e7on<\/strong><\/span><\/p>\n<p style=\"text-align: center;\">Th\u00e9r\u00e8se MERGOUX, cultivatrice<\/p>\n<p style=\"text-align: center;\"><span style=\"color: #ffffff;\">\u25d9<\/span><\/p>\n<p><em>Jacques \u00e9pouse Fran\u00e7oise <\/em><strong>LEFAURE<\/strong><em> le 17 f\u00e9vrier <\/em><strong>1806<\/strong><em> \u00e0 Saint-Yriex-la-Montagne (contrat Lepetit au Monteil). <\/em><\/p>\n<p><em> Ils habitent le bourg du Monteil o\u00f9 d\u00e9c\u00e8de Fran\u00e7oise le 17 mars <\/em><strong>1813<\/strong><em>, \u00e2g\u00e9e de 25 ans environ. <\/em><\/p>\n<p><strong>Avant 1815<\/strong><em>, Jacques se remarie avec Fran\u00e7oise <\/em><strong>MEUNIER <\/strong>.<\/p>\n<p><em> Ils habitent le bourg du Monteil o\u00f9 d\u00e9c\u00e8de Fran\u00e7oise le 5 avril <\/em><strong>1819<\/strong><em>, \u00e2g\u00e9e de 33 ans environ.<\/em><\/p>\n<p><em>Jacques se marie une troisi\u00e8me fois avec Marie <\/em><strong>DUFOUR <\/strong><em>le 22 ao\u00fbt <\/em><strong>1820<\/strong><em> au Monteil.<\/em><\/p>\n<p><em>Ils d\u00e9c\u00e8dent au bourg du Monteil\u00a0:<\/em><\/p>\n<ul>\n<li><em>Jacques, le 17 juillet <\/em><strong>1847<\/strong><em>, \u00e2g\u00e9 de 61 ans<\/em><\/li>\n<li><em>Marie, le 15 juillet <\/em><strong>1871<\/strong><em>, \u00e2g\u00e9e de 83 ans<\/em><\/li>\n<\/ul>\n<h2><\/h2>\n<p>&nbsp;<\/p>\n<p>&nbsp;<\/p>\n","protected":false},"excerpt":{"rendered":"<p>Mis \u00e0 jour le : 01\/05\/2026Jacques LENOIR 1785 \u2013 1847 ma\u00e7on et propri\u00e9taire cultivateur n\u00e9 au bourg du Monteil-au-Vicomte le 4 novembre 1785 fils de L\u00e9onard LENOIR, ma\u00e7on Th\u00e9r\u00e8se MERGOUX, cultivatrice \u25d9 Jacques \u00e9pouse Fran\u00e7oise LEFAURE le 17 f\u00e9vrier 1806 \u00e0 Saint-Yriex-la-Montagne (contrat Lepetit au Monteil). Ils habitent le bourg du Monteil o\u00f9 d\u00e9c\u00e8de Fran\u00e7oise ..<\/p>\n<div class=\"clear-fix\"><\/div>\n<p><a href=\"https:\/\/www.lesmaconsdelacreuse.fr\/annuaires\/lettre-l\/l_1280\/\" title=\"Lire la suite...\">Lire la suite<\/a><\/p>\n","protected":false},"author":6,"featured_media":0,"comment_status":"closed","ping_status":"closed","sticky":false,"template":"","format":"standard","meta":{"_acf_changed":false,"_exactmetrics_skip_tracking":false,"_exactmetrics_sitenote_active":false,"_exactmetrics_sitenote_note":"","_exactmetrics_sitenote_category":0,"footnotes":""},"categories":[19],"tags":[],"class_list":["post-7557","post","type-post","status-publish","format-standard","hentry","category-lettre-l"],"acf":[],"_links":{"self":[{"href":"https:\/\/www.lesmaconsdelacreuse.fr\/annuaires\/wp-json\/wp\/v2\/posts\/7557","targetHints":{"allow":["GET"]}}],"collection":[{"href":"https:\/\/www.lesmaconsdelacreuse.fr\/annuaires\/wp-json\/wp\/v2\/posts"}],"about":[{"href":"https:\/\/www.lesmaconsdelacreuse.fr\/annuaires\/wp-json\/wp\/v2\/types\/post"}],"author":[{"embeddable":true,"href":"https:\/\/www.lesmaconsdelacreuse.fr\/annuaires\/wp-json\/wp\/v2\/users\/6"}],"replies":[{"embeddable":true,"href":"https:\/\/www.lesmaconsdelacreuse.fr\/annuaires\/wp-json\/wp\/v2\/comments?post=7557"}],"version-history":[{"count":0,"href":"https:\/\/www.lesmaconsdelacreuse.fr\/annuaires\/wp-json\/wp\/v2\/posts\/7557\/revisions"}],"wp:attachment":[{"href":"https:\/\/www.lesmaconsdelacreuse.fr\/annuaires\/wp-json\/wp\/v2\/media?parent=7557"}],"wp:term":[{"taxonomy":"category","embeddable":true,"href":"https:\/\/www.lesmaconsdelacreuse.fr\/annuaires\/wp-json\/wp\/v2\/categories?post=7557"},{"taxonomy":"post_tag","embeddable":true,"href":"https:\/\/www.lesmaconsdelacreuse.fr\/annuaires\/wp-json\/wp\/v2\/tags?post=7557"}],"curies":[{"name":"wp","href":"https:\/\/api.w.org\/{rel}","templated":true}]}}