{"id":7560,"date":"2019-07-28T13:33:50","date_gmt":"2019-07-28T11:33:50","guid":{"rendered":"http:\/\/lesmaconsdelacreuse.fr\/annuaire\/?p=7560"},"modified":"2020-01-20T11:29:04","modified_gmt":"2020-01-20T10:29:04","slug":"l_1234","status":"publish","type":"post","link":"https:\/\/www.lesmaconsdelacreuse.fr\/annuaires\/lettre-l\/l_1234\/","title":{"rendered":"LENOIR Blaise (1865-1907)"},"content":{"rendered":"<p class=\"last-updated\"><strong>Mis \u00e0 jour le :<\/strong> 01\/05\/2026<\/p><h2 style=\"text-align: center;\"><strong>Blaise LENOIR<\/strong><\/h2>\n<p style=\"text-align: center;\"><strong>1865 \u2013 1907<\/strong><\/p>\n<p style=\"text-align: center;\"><img decoding=\"async\" title=\"\" src=\"https:\/\/lesmaconsdelacreuse.fr\/annuaire\/wp-content\/uploads\/2019\/07\/image1-2012.jpg\" alt=\"\" data-source-id=\"i.0\" data-asset-id=\"7558\" \/><\/p>\n<h4 style=\"text-align: center;\"><span style=\"color: #008000;\"><strong>ma\u00e7on<\/strong><\/span><\/h4>\n<p style=\"text-align: center;\">n\u00e9 \u00e0 Lestrade (Saint-Junien-la-Breg\u00e8re)<\/p>\n<p style=\"text-align: center;\">le 7 septembre 1865<\/p>\n<p style=\"text-align: center;\">fils de<\/p>\n<p style=\"text-align: center;\">Andr\u00e9 LENOIR, <span style=\"color: #008000;\"><strong>ma\u00e7on<\/strong><\/span><\/p>\n<p style=\"text-align: center;\">Marie PATAUD, cultivatrice<\/p>\n<p style=\"text-align: center;\"><span style=\"color: #ffffff;\">\u25d9<\/span><\/p>\n<p><strong>En 1885<\/strong><em>, Blaise travaille \u00e0 <\/em><span style=\"color: #0000ff;\"><strong>Lyon (69)<\/strong><\/span><em> et loge 6, rue de Jussieu. <\/em><\/p>\n<p><strong>En 1889<\/strong><em>, il est \u00e0 <\/em><span style=\"color: #0000ff;\"><strong>Brignais (69)<\/strong><\/span><em>, puis \u00e0 <\/em><span style=\"color: #0000ff;\"><strong>Saint-Laurent-d\u2019Agny<\/strong> <strong>(69)<\/strong><\/span><em>\u00a0;<\/em><\/p>\n<p><strong>en 1890<\/strong><em>, \u00e0 <\/em><span style=\"color: #0000ff;\"><strong>Soucieu-en-Jarrest (69)<\/strong><\/span><em>\u00a0;<\/em><\/p>\n<p><strong>en 1891<\/strong><em>, \u00e0 Lyon, 3, rue de la Victoire. <\/em><\/p>\n<p><em>Il \u00e9pouse Am\u00e9lie <\/em><strong>LEPETIT<\/strong><em>, couturi\u00e8re,<\/em> <em>le 23 janvier <\/em><strong>1892<\/strong><em> \u00e0 Roy\u00e8re (mari\u00e9s sans contrat).<\/em><\/p>\n<p><strong>En 1893<\/strong><em>, Blaise continue \u00e0 travailler \u00e0 Lyon et loge\u00a083, rue de Bonnel, 3e arrondissement.<\/em><\/p>\n<p><strong>En 1894<\/strong><em>, les \u00e9poux sont ensemble au 81 de la m\u00eame rue\u00a0;<\/em><\/p>\n<p><strong>en 1895<\/strong><em>, 245 et 247, rue de Cr\u00e9qui\u00a0;<\/em><\/p>\n<p><strong>en 1904<\/strong><em>, 43, rue de la Villette\u00a0;<\/em><\/p>\n<p><strong>en 1907<\/strong><em>, 125, avenue Thiers, 6e arrondissement.<\/em><\/p>\n<p><em>Blaise d\u00e9c\u00e8de \u00e0 cette adresse le 1er janvier de la m\u00eame ann\u00e9e, \u00e2g\u00e9 de 41 ans.<\/em><\/p>\n<p><em>Sa veuve, concierge, d\u00e9c\u00e8de \u00e0 Lyon 3e le 12 juillet <\/em>1951<em>, \u00e2g\u00e9e de 83 ans\u00a0, habitant 70, cours Vitton.<\/em><\/p>\n","protected":false},"excerpt":{"rendered":"<p>Mis \u00e0 jour le : 01\/05\/2026Blaise LENOIR 1865 \u2013 1907 ma\u00e7on n\u00e9 \u00e0 Lestrade (Saint-Junien-la-Breg\u00e8re) le 7 septembre 1865 fils de Andr\u00e9 LENOIR, ma\u00e7on Marie PATAUD, cultivatrice \u25d9 En 1885, Blaise travaille \u00e0 Lyon (69) et loge 6, rue de Jussieu. En 1889, il est \u00e0 Brignais (69), puis \u00e0 Saint-Laurent-d\u2019Agny (69)\u00a0; en 1890, \u00e0 ..<\/p>\n<div class=\"clear-fix\"><\/div>\n<p><a href=\"https:\/\/www.lesmaconsdelacreuse.fr\/annuaires\/lettre-l\/l_1234\/\" title=\"Lire la suite...\">Lire la suite<\/a><\/p>\n","protected":false},"author":6,"featured_media":0,"comment_status":"closed","ping_status":"closed","sticky":false,"template":"","format":"standard","meta":{"_acf_changed":false,"_exactmetrics_skip_tracking":false,"_exactmetrics_sitenote_active":false,"_exactmetrics_sitenote_note":"","_exactmetrics_sitenote_category":0,"footnotes":""},"categories":[19],"tags":[],"class_list":["post-7560","post","type-post","status-publish","format-standard","hentry","category-lettre-l"],"acf":[],"_links":{"self":[{"href":"https:\/\/www.lesmaconsdelacreuse.fr\/annuaires\/wp-json\/wp\/v2\/posts\/7560","targetHints":{"allow":["GET"]}}],"collection":[{"href":"https:\/\/www.lesmaconsdelacreuse.fr\/annuaires\/wp-json\/wp\/v2\/posts"}],"about":[{"href":"https:\/\/www.lesmaconsdelacreuse.fr\/annuaires\/wp-json\/wp\/v2\/types\/post"}],"author":[{"embeddable":true,"href":"https:\/\/www.lesmaconsdelacreuse.fr\/annuaires\/wp-json\/wp\/v2\/users\/6"}],"replies":[{"embeddable":true,"href":"https:\/\/www.lesmaconsdelacreuse.fr\/annuaires\/wp-json\/wp\/v2\/comments?post=7560"}],"version-history":[{"count":0,"href":"https:\/\/www.lesmaconsdelacreuse.fr\/annuaires\/wp-json\/wp\/v2\/posts\/7560\/revisions"}],"wp:attachment":[{"href":"https:\/\/www.lesmaconsdelacreuse.fr\/annuaires\/wp-json\/wp\/v2\/media?parent=7560"}],"wp:term":[{"taxonomy":"category","embeddable":true,"href":"https:\/\/www.lesmaconsdelacreuse.fr\/annuaires\/wp-json\/wp\/v2\/categories?post=7560"},{"taxonomy":"post_tag","embeddable":true,"href":"https:\/\/www.lesmaconsdelacreuse.fr\/annuaires\/wp-json\/wp\/v2\/tags?post=7560"}],"curies":[{"name":"wp","href":"https:\/\/api.w.org\/{rel}","templated":true}]}}