{"id":7563,"date":"2019-07-28T13:33:49","date_gmt":"2019-07-28T11:33:49","guid":{"rendered":"http:\/\/lesmaconsdelacreuse.fr\/annuaire\/?p=7563"},"modified":"2020-01-20T11:29:06","modified_gmt":"2020-01-20T10:29:06","slug":"l_1291","status":"publish","type":"post","link":"https:\/\/www.lesmaconsdelacreuse.fr\/annuaires\/lettre-l\/l_1291\/","title":{"rendered":"LENOIR Jean (1741-1802)"},"content":{"rendered":"<p class=\"last-updated\"><strong>Mis \u00e0 jour le :<\/strong> 01\/05\/2026<\/p><h2 style=\"text-align: center;\"><strong>Jean LENOIR<\/strong><\/h2>\n<p style=\"text-align: center;\"><strong>1741 \u2013 1802<\/strong><\/p>\n<p style=\"text-align: center;\"><img decoding=\"async\" title=\"\" src=\"https:\/\/lesmaconsdelacreuse.fr\/annuaire\/wp-content\/uploads\/2019\/07\/image1-2014.jpg\" alt=\"\" data-source-id=\"i.0\" data-asset-id=\"7561\" \/><\/p>\n<h4 style=\"text-align: center;\"><span style=\"color: #008000;\"><strong>ma\u00e7on<\/strong><\/span><\/h4>\n<p style=\"text-align: center;\">n\u00e9 \u00e0 Jeansanetas (Roy\u00e8re)<\/p>\n<p style=\"text-align: center;\">le 29 mai 1741<\/p>\n<p style=\"text-align: center;\">fils de<\/p>\n<p style=\"text-align: center;\">Pierre LENOIR \/ Antoinette PIGEROULET<\/p>\n<p style=\"text-align: center;\">laboureurs<\/p>\n<p style=\"text-align: center;\"><span style=\"color: #ffffff;\">\u25d9<\/span><\/p>\n<p><em>Jean \u00e9pouse Fran\u00e7oise <\/em><strong>BONNETTE<\/strong><em> \u00e0 Saint-Pierre-le-Bost le 22 janvier <\/em><strong>1781<\/strong><em>. <\/em><\/p>\n<p><em>Remari\u00e9 au Monteil-au-Vicomte <\/em>en 1790<em>, il d\u00e9c\u00e8de \u00e0 <\/em><span style=\"color: #0000ff;\"><strong>Tr\u00e9voux (01)<\/strong><\/span><em> le 6 flor\u00e9al an X (26 avril <\/em><strong>1802<\/strong><em>), \u00e2g\u00e9 de 60 ans.<\/em><\/p>\n","protected":false},"excerpt":{"rendered":"<p>Mis \u00e0 jour le : 01\/05\/2026Jean LENOIR 1741 \u2013 1802 ma\u00e7on n\u00e9 \u00e0 Jeansanetas (Roy\u00e8re) le 29 mai 1741 fils de Pierre LENOIR \/ Antoinette PIGEROULET laboureurs \u25d9 Jean \u00e9pouse Fran\u00e7oise BONNETTE \u00e0 Saint-Pierre-le-Bost le 22 janvier 1781. Remari\u00e9 au Monteil-au-Vicomte en 1790, il d\u00e9c\u00e8de \u00e0 Tr\u00e9voux (01) le 6 flor\u00e9al an X (26 avril ..<\/p>\n<div class=\"clear-fix\"><\/div>\n<p><a href=\"https:\/\/www.lesmaconsdelacreuse.fr\/annuaires\/lettre-l\/l_1291\/\" title=\"Lire la suite...\">Lire la suite<\/a><\/p>\n","protected":false},"author":6,"featured_media":0,"comment_status":"closed","ping_status":"closed","sticky":false,"template":"","format":"standard","meta":{"_acf_changed":false,"_exactmetrics_skip_tracking":false,"_exactmetrics_sitenote_active":false,"_exactmetrics_sitenote_note":"","_exactmetrics_sitenote_category":0,"footnotes":""},"categories":[19],"tags":[],"class_list":["post-7563","post","type-post","status-publish","format-standard","hentry","category-lettre-l"],"acf":[],"_links":{"self":[{"href":"https:\/\/www.lesmaconsdelacreuse.fr\/annuaires\/wp-json\/wp\/v2\/posts\/7563","targetHints":{"allow":["GET"]}}],"collection":[{"href":"https:\/\/www.lesmaconsdelacreuse.fr\/annuaires\/wp-json\/wp\/v2\/posts"}],"about":[{"href":"https:\/\/www.lesmaconsdelacreuse.fr\/annuaires\/wp-json\/wp\/v2\/types\/post"}],"author":[{"embeddable":true,"href":"https:\/\/www.lesmaconsdelacreuse.fr\/annuaires\/wp-json\/wp\/v2\/users\/6"}],"replies":[{"embeddable":true,"href":"https:\/\/www.lesmaconsdelacreuse.fr\/annuaires\/wp-json\/wp\/v2\/comments?post=7563"}],"version-history":[{"count":0,"href":"https:\/\/www.lesmaconsdelacreuse.fr\/annuaires\/wp-json\/wp\/v2\/posts\/7563\/revisions"}],"wp:attachment":[{"href":"https:\/\/www.lesmaconsdelacreuse.fr\/annuaires\/wp-json\/wp\/v2\/media?parent=7563"}],"wp:term":[{"taxonomy":"category","embeddable":true,"href":"https:\/\/www.lesmaconsdelacreuse.fr\/annuaires\/wp-json\/wp\/v2\/categories?post=7563"},{"taxonomy":"post_tag","embeddable":true,"href":"https:\/\/www.lesmaconsdelacreuse.fr\/annuaires\/wp-json\/wp\/v2\/tags?post=7563"}],"curies":[{"name":"wp","href":"https:\/\/api.w.org\/{rel}","templated":true}]}}