{"id":7570,"date":"2019-07-28T13:33:49","date_gmt":"2019-07-28T11:33:49","guid":{"rendered":"http:\/\/lesmaconsdelacreuse.fr\/annuaire\/?p=7570"},"modified":"2020-01-20T11:29:06","modified_gmt":"2020-01-20T10:29:06","slug":"l_1224","status":"publish","type":"post","link":"https:\/\/www.lesmaconsdelacreuse.fr\/annuaires\/lettre-l\/l_1224\/","title":{"rendered":"LENOIR Auguste (1897-1980)"},"content":{"rendered":"<p class=\"last-updated\"><strong>Mis \u00e0 jour le :<\/strong> 01\/05\/2026<\/p><h2 style=\"text-align: center;\"><strong>Auguste LENOIR<\/strong><\/h2>\n<p style=\"text-align: center;\"><strong>1897 &#8211; 1980<\/strong><\/p>\n<h4 style=\"text-align: center;\"><span style=\"color: #008000;\"><strong>ma\u00e7on<\/strong> et <strong>pl\u00e2trier<\/strong><\/span><\/h4>\n<p style=\"text-align: center;\">n\u00e9 \u00e0 La Faurie (Saint-Moreil)<\/p>\n<p style=\"text-align: center;\">le 13 septembre 1897<\/p>\n<p style=\"text-align: center;\">fils de<\/p>\n<p style=\"text-align: center;\">Jean LENOIR, <span style=\"color: #008000;\"><strong>ma\u00e7on <\/strong><\/span><strong>\/ <\/strong>Gabrielle VILLATTE<\/p>\n<p style=\"text-align: center;\"><span style=\"color: #ffffff;\">\u25d9<\/span><\/p>\n<p><strong>En 1925<\/strong><em>, Auguste travaille \u00e0 <\/em><span style=\"color: #0000ff;\"><strong>Paris (75)<\/strong><\/span><em>, et loge 10, rue du Grand Prieur\u00e9, 11e arrondissement.<\/em><\/p>\n<p><em> Il \u00e9pouse Andr\u00e9e Louise Constance <\/em><strong>DEHAUMONT <\/strong><em>le 29 ao\u00fbt de la m\u00eame ann\u00e9e \u00e0 <\/em><span style=\"color: #0000ff;\"><strong>\u00c9cardenville-sur- Eure (27)<\/strong><\/span><em>. <\/em><\/p>\n<p><strong>En 1926<\/strong>,<em> il est \u00e0 <\/em><span style=\"color: #0000ff;\"><strong>Aubervilliers (93)<\/strong><\/span><em>, 5, rue du Vivier\u00a0;<\/em><\/p>\n<p><strong>en 1927<\/strong><em>, 37, rue Jean Jaur\u00e8s\u00a0;<\/em><\/p>\n<p><strong>en 1928<\/strong><em>, \u00e0 <\/em><span style=\"color: #0000ff;\"><strong>La Plaine Saint-Denis (93)<\/strong><\/span><em>, 92, avenue du Pr\u00e9sident Wilson\u00a0;<\/em><\/p>\n<p><strong>en 1933<\/strong><em>, \u00e0 <\/em><span style=\"color: #0000ff;\"><strong>Ville d\u2019 Avray (92)<\/strong><\/span><em>, 7, rue des Bois\u00a0;<\/em><\/p>\n<p><strong>de 1934 \u00e0 1939<\/strong> <em>au moins, \u00e0 <\/em><span style=\"color: #0000ff;\"><strong>Chaville (92)<\/strong><\/span><em>, 5, rue de la Martini\u00e8re.<\/em><\/p>\n<p><em> Il d\u00e9c\u00e8de \u00e0 Ecardenville le 20 mars <\/em><strong>1980<\/strong><em>, \u00e2g\u00e9 de 82 ans. <\/em><\/p>\n","protected":false},"excerpt":{"rendered":"<p>Mis \u00e0 jour le : 01\/05\/2026Auguste LENOIR 1897 &#8211; 1980 ma\u00e7on et pl\u00e2trier n\u00e9 \u00e0 La Faurie (Saint-Moreil) le 13 septembre 1897 fils de Jean LENOIR, ma\u00e7on \/ Gabrielle VILLATTE \u25d9 En 1925, Auguste travaille \u00e0 Paris (75), et loge 10, rue du Grand Prieur\u00e9, 11e arrondissement. Il \u00e9pouse Andr\u00e9e Louise Constance DEHAUMONT le 29 ..<\/p>\n<div class=\"clear-fix\"><\/div>\n<p><a href=\"https:\/\/www.lesmaconsdelacreuse.fr\/annuaires\/lettre-l\/l_1224\/\" title=\"Lire la suite...\">Lire la suite<\/a><\/p>\n","protected":false},"author":6,"featured_media":0,"comment_status":"closed","ping_status":"closed","sticky":false,"template":"","format":"standard","meta":{"_acf_changed":false,"_exactmetrics_skip_tracking":false,"_exactmetrics_sitenote_active":false,"_exactmetrics_sitenote_note":"","_exactmetrics_sitenote_category":0,"footnotes":""},"categories":[19],"tags":[],"class_list":["post-7570","post","type-post","status-publish","format-standard","hentry","category-lettre-l"],"acf":[],"_links":{"self":[{"href":"https:\/\/www.lesmaconsdelacreuse.fr\/annuaires\/wp-json\/wp\/v2\/posts\/7570","targetHints":{"allow":["GET"]}}],"collection":[{"href":"https:\/\/www.lesmaconsdelacreuse.fr\/annuaires\/wp-json\/wp\/v2\/posts"}],"about":[{"href":"https:\/\/www.lesmaconsdelacreuse.fr\/annuaires\/wp-json\/wp\/v2\/types\/post"}],"author":[{"embeddable":true,"href":"https:\/\/www.lesmaconsdelacreuse.fr\/annuaires\/wp-json\/wp\/v2\/users\/6"}],"replies":[{"embeddable":true,"href":"https:\/\/www.lesmaconsdelacreuse.fr\/annuaires\/wp-json\/wp\/v2\/comments?post=7570"}],"version-history":[{"count":0,"href":"https:\/\/www.lesmaconsdelacreuse.fr\/annuaires\/wp-json\/wp\/v2\/posts\/7570\/revisions"}],"wp:attachment":[{"href":"https:\/\/www.lesmaconsdelacreuse.fr\/annuaires\/wp-json\/wp\/v2\/media?parent=7570"}],"wp:term":[{"taxonomy":"category","embeddable":true,"href":"https:\/\/www.lesmaconsdelacreuse.fr\/annuaires\/wp-json\/wp\/v2\/categories?post=7570"},{"taxonomy":"post_tag","embeddable":true,"href":"https:\/\/www.lesmaconsdelacreuse.fr\/annuaires\/wp-json\/wp\/v2\/tags?post=7570"}],"curies":[{"name":"wp","href":"https:\/\/api.w.org\/{rel}","templated":true}]}}