{"id":7571,"date":"2019-07-28T13:33:49","date_gmt":"2019-07-28T11:33:49","guid":{"rendered":"http:\/\/lesmaconsdelacreuse.fr\/annuaire\/?p=7571"},"modified":"2020-01-20T11:29:06","modified_gmt":"2020-01-20T10:29:06","slug":"l_1210","status":"publish","type":"post","link":"https:\/\/www.lesmaconsdelacreuse.fr\/annuaires\/lettre-l\/l_1210\/","title":{"rendered":"LENOIR Antoine (1836-apr\u00e8s 1867)"},"content":{"rendered":"<p class=\"last-updated\"><strong>Mis \u00e0 jour le :<\/strong> 01\/05\/2026<\/p><h2 style=\"text-align: center;\"><strong>Antoine LENOIR<\/strong><\/h2>\n<p style=\"text-align: center;\"><strong>1836 \u2013 apr\u00e8s 1867<\/strong><\/p>\n<h4 style=\"text-align: center;\"><span style=\"color: #008000;\"><strong>ma\u00e7on<\/strong> et <strong>employ\u00e9 d\u2019usine \u00e0 gaz<\/strong><\/span><\/h4>\n<p style=\"text-align: center;\">n\u00e9 \u00e0 Prasinat (Saint-Martin-Ch\u00e2teau)<\/p>\n<p style=\"text-align: center;\">le 28 d\u00e9cembre 1836<\/p>\n<p style=\"text-align: center;\">fils de<\/p>\n<p style=\"text-align: center;\">Joseph LENOIR, <span style=\"color: #008000;\"><strong>ma\u00e7on <\/strong><\/span><strong>\/ <\/strong>Jeanne VALETTE<\/p>\n<p style=\"text-align: center;\">propri\u00e9taires cultivateurs<\/p>\n<p style=\"text-align: center;\"><span style=\"color: #ffffff;\">\u25d9<\/span><\/p>\n<p><strong>En 1856<\/strong><em>, Antoine est <\/em><span style=\"color: #008000;\"><strong>ma\u00e7on<\/strong><\/span><em>.<\/em><\/p>\n<p><strong>En 1864<\/strong><em>, on dit de lui \u00ab\u00a0nagu\u00e8re <\/em><span style=\"color: #008000;\"><strong>employ\u00e9 \u00e0 l\u2019usine \u00e0 gaz<\/strong><\/span><em> d\u2019<\/em><span style=\"color: #0000ff;\"><strong>Annonay (07)<\/strong><\/span><em>, et actuellement <\/em><span style=\"color: #008000;\"><strong>ma\u00e7on<\/strong><\/span><em> demeurant en la ville de <\/em><span style=\"color: #0000ff;\"><strong>Lyon<em>\u00bb<\/em> (69)<\/strong><\/span><em> .<\/em><\/p>\n<p><strong>En 1867<\/strong><em>, il est <span style=\"color: #000000;\">employ\u00e9 \u00e0 l\u2019usine \u00e0 gaz <\/span>de <\/em><span style=\"color: #0000ff;\"><strong>Beaune (21)<\/strong><em>.<\/em><\/span><\/p>\n","protected":false},"excerpt":{"rendered":"<p>Mis \u00e0 jour le : 01\/05\/2026Antoine LENOIR 1836 \u2013 apr\u00e8s 1867 ma\u00e7on et employ\u00e9 d\u2019usine \u00e0 gaz n\u00e9 \u00e0 Prasinat (Saint-Martin-Ch\u00e2teau) le 28 d\u00e9cembre 1836 fils de Joseph LENOIR, ma\u00e7on \/ Jeanne VALETTE propri\u00e9taires cultivateurs \u25d9 En 1856, Antoine est ma\u00e7on. En 1864, on dit de lui \u00ab\u00a0nagu\u00e8re employ\u00e9 \u00e0 l\u2019usine \u00e0 gaz d\u2019Annonay (07), ..<\/p>\n<div class=\"clear-fix\"><\/div>\n<p><a href=\"https:\/\/www.lesmaconsdelacreuse.fr\/annuaires\/lettre-l\/l_1210\/\" title=\"Lire la suite...\">Lire la suite<\/a><\/p>\n","protected":false},"author":6,"featured_media":0,"comment_status":"closed","ping_status":"closed","sticky":false,"template":"","format":"standard","meta":{"_acf_changed":false,"_exactmetrics_skip_tracking":false,"_exactmetrics_sitenote_active":false,"_exactmetrics_sitenote_note":"","_exactmetrics_sitenote_category":0,"footnotes":""},"categories":[19],"tags":[],"class_list":["post-7571","post","type-post","status-publish","format-standard","hentry","category-lettre-l"],"acf":[],"_links":{"self":[{"href":"https:\/\/www.lesmaconsdelacreuse.fr\/annuaires\/wp-json\/wp\/v2\/posts\/7571","targetHints":{"allow":["GET"]}}],"collection":[{"href":"https:\/\/www.lesmaconsdelacreuse.fr\/annuaires\/wp-json\/wp\/v2\/posts"}],"about":[{"href":"https:\/\/www.lesmaconsdelacreuse.fr\/annuaires\/wp-json\/wp\/v2\/types\/post"}],"author":[{"embeddable":true,"href":"https:\/\/www.lesmaconsdelacreuse.fr\/annuaires\/wp-json\/wp\/v2\/users\/6"}],"replies":[{"embeddable":true,"href":"https:\/\/www.lesmaconsdelacreuse.fr\/annuaires\/wp-json\/wp\/v2\/comments?post=7571"}],"version-history":[{"count":0,"href":"https:\/\/www.lesmaconsdelacreuse.fr\/annuaires\/wp-json\/wp\/v2\/posts\/7571\/revisions"}],"wp:attachment":[{"href":"https:\/\/www.lesmaconsdelacreuse.fr\/annuaires\/wp-json\/wp\/v2\/media?parent=7571"}],"wp:term":[{"taxonomy":"category","embeddable":true,"href":"https:\/\/www.lesmaconsdelacreuse.fr\/annuaires\/wp-json\/wp\/v2\/categories?post=7571"},{"taxonomy":"post_tag","embeddable":true,"href":"https:\/\/www.lesmaconsdelacreuse.fr\/annuaires\/wp-json\/wp\/v2\/tags?post=7571"}],"curies":[{"name":"wp","href":"https:\/\/api.w.org\/{rel}","templated":true}]}}