{"id":7577,"date":"2019-07-28T13:33:49","date_gmt":"2019-07-28T11:33:49","guid":{"rendered":"http:\/\/lesmaconsdelacreuse.fr\/annuaire\/?p=7577"},"modified":"2020-10-11T15:03:23","modified_gmt":"2020-10-11T13:03:23","slug":"l_1221","status":"publish","type":"post","link":"https:\/\/www.lesmaconsdelacreuse.fr\/annuaires\/lettre-l\/l_1221\/","title":{"rendered":"LENEGRE Arnaud Fran\u00e7ois (1783-1810)"},"content":{"rendered":"<p class=\"last-updated\"><strong>Mis \u00e0 jour le :<\/strong> 01\/05\/2026<\/p><h2 style=\"text-align: center;\"><strong>Arnaud Fran\u00e7ois LEN\u00c8GRE<\/strong><\/h2>\n<p style=\"text-align: center;\"><strong>Arnaud LENOIR<\/strong><\/p>\n<p style=\"text-align: center;\"><strong>1783 \u2013 1810<\/strong><\/p>\n<p style=\"text-align: center;\"><img decoding=\"async\" title=\"\" src=\"https:\/\/lesmaconsdelacreuse.fr\/annuaire\/wp-content\/uploads\/2019\/07\/image1-2017.jpg\" alt=\"\" data-source-id=\"i.0\" data-asset-id=\"7572\" \/><\/p>\n<h4 style=\"text-align: center;\"><span style=\"color: #008000;\"><strong>ma\u00e7on <\/strong>et<strong> cultivateur<\/strong><\/span><\/h4>\n<p>&nbsp;<\/p>\n<p style=\"text-align: center;\">n\u00e9 \u00e0 La Chaise (Saint-Pardoux-Lavaud)<\/p>\n<p style=\"text-align: center;\">le 4 septembre 1783<\/p>\n<p style=\"text-align: center;\">fils de<\/p>\n<p style=\"text-align: center;\">Martial LEN\u00c8GRE, <span style=\"color: #008000;\"><strong>ma\u00e7on <\/strong><\/span><strong>\/ <\/strong>L\u00e9onarde PEYTOUNAUD<\/p>\n<p style=\"text-align: center;\">\u25ba<a href=\"https:\/\/www.lesmaconsdelacreuse.fr\/annuaires\/wp-content\/uploads\/2020\/08\/FERMIER-M\u00c9TAYER.png\" target=\"_blank\" rel=\"noopener noreferrer\">m\u00e9tayers<\/a><\/p>\n<p style=\"text-align: center;\"><span style=\"color: #ffffff;\">\u25d9<\/span><\/p>\n<p><em>Arnaud \u00e9pouse Jeanne <\/em><strong>DOUMY <\/strong><em>le 22 f\u00e9vrier <\/em><strong>1808<\/strong><em> \u00e0 Saint-Pardoux. Ils habitent le village du Tourtoulloux, commune de Saint-Martin-Ch\u00e2teau.<\/em><\/p>\n<p><strong>En 1810<\/strong><em>, Arnaud travaille \u00e0 <\/em><span style=\"color: #0000ff;\"><strong>Lyon (69)<\/strong><\/span><em>, et loge rue de Trion, chez le sieur Poit. <\/em><\/p>\n<p><em>Il d\u00e9c\u00e8de le 30 octobre de la m\u00eame ann\u00e9e \u00e0 l\u2019Hospice des Malades de Lyon, \u00e2g\u00e9 de 27 ans.<\/em><\/p>\n<p>&nbsp;<\/p>\n","protected":false},"excerpt":{"rendered":"<p>Mis \u00e0 jour le : 01\/05\/2026Arnaud Fran\u00e7ois LEN\u00c8GRE Arnaud LENOIR 1783 \u2013 1810 ma\u00e7on et cultivateur &nbsp; n\u00e9 \u00e0 La Chaise (Saint-Pardoux-Lavaud) le 4 septembre 1783 fils de Martial LEN\u00c8GRE, ma\u00e7on \/ L\u00e9onarde PEYTOUNAUD \u25bam\u00e9tayers \u25d9 Arnaud \u00e9pouse Jeanne DOUMY le 22 f\u00e9vrier 1808 \u00e0 Saint-Pardoux. Ils habitent le village du Tourtoulloux, commune de Saint-Martin-Ch\u00e2teau. ..<\/p>\n<div class=\"clear-fix\"><\/div>\n<p><a href=\"https:\/\/www.lesmaconsdelacreuse.fr\/annuaires\/lettre-l\/l_1221\/\" title=\"Lire la suite...\">Lire la suite<\/a><\/p>\n","protected":false},"author":6,"featured_media":0,"comment_status":"closed","ping_status":"closed","sticky":false,"template":"","format":"standard","meta":{"_acf_changed":false,"_exactmetrics_skip_tracking":false,"_exactmetrics_sitenote_active":false,"_exactmetrics_sitenote_note":"","_exactmetrics_sitenote_category":0,"footnotes":""},"categories":[19],"tags":[],"class_list":["post-7577","post","type-post","status-publish","format-standard","hentry","category-lettre-l"],"acf":[],"_links":{"self":[{"href":"https:\/\/www.lesmaconsdelacreuse.fr\/annuaires\/wp-json\/wp\/v2\/posts\/7577","targetHints":{"allow":["GET"]}}],"collection":[{"href":"https:\/\/www.lesmaconsdelacreuse.fr\/annuaires\/wp-json\/wp\/v2\/posts"}],"about":[{"href":"https:\/\/www.lesmaconsdelacreuse.fr\/annuaires\/wp-json\/wp\/v2\/types\/post"}],"author":[{"embeddable":true,"href":"https:\/\/www.lesmaconsdelacreuse.fr\/annuaires\/wp-json\/wp\/v2\/users\/6"}],"replies":[{"embeddable":true,"href":"https:\/\/www.lesmaconsdelacreuse.fr\/annuaires\/wp-json\/wp\/v2\/comments?post=7577"}],"version-history":[{"count":0,"href":"https:\/\/www.lesmaconsdelacreuse.fr\/annuaires\/wp-json\/wp\/v2\/posts\/7577\/revisions"}],"wp:attachment":[{"href":"https:\/\/www.lesmaconsdelacreuse.fr\/annuaires\/wp-json\/wp\/v2\/media?parent=7577"}],"wp:term":[{"taxonomy":"category","embeddable":true,"href":"https:\/\/www.lesmaconsdelacreuse.fr\/annuaires\/wp-json\/wp\/v2\/categories?post=7577"},{"taxonomy":"post_tag","embeddable":true,"href":"https:\/\/www.lesmaconsdelacreuse.fr\/annuaires\/wp-json\/wp\/v2\/tags?post=7577"}],"curies":[{"name":"wp","href":"https:\/\/api.w.org\/{rel}","templated":true}]}}