{"id":7586,"date":"2019-07-28T13:33:48","date_gmt":"2019-07-28T11:33:48","guid":{"rendered":"http:\/\/lesmaconsdelacreuse.fr\/annuaire\/?p=7586"},"modified":"2020-10-04T14:36:36","modified_gmt":"2020-10-04T12:36:36","slug":"l_1264","status":"publish","type":"post","link":"https:\/\/www.lesmaconsdelacreuse.fr\/annuaires\/lettre-l\/l_1264\/","title":{"rendered":"LENOIR Fran\u00e7ois (1881-apr\u00e8s 1919)"},"content":{"rendered":"<p class=\"last-updated\"><strong>Mis \u00e0 jour le :<\/strong> 01\/05\/2026<\/p><h2 style=\"text-align: center;\"><strong>Fran\u00e7ois LENOIR<\/strong><\/h2>\n<p style=\"text-align: center;\"><strong>1881 \u2013 apr\u00e8s 1919<\/strong><\/p>\n<h4 style=\"text-align: center;\"><span style=\"color: #008000;\"><strong>ma\u00e7on <\/strong>puis <strong>briqueteur<\/strong><strong> <em>\u25ba<a href=\"https:\/\/www.lesmaconsdelacreuse.fr\/annuaires\/wp-content\/uploads\/2020\/07\/FUMISTE.png\" target=\"_blank\" rel=\"noopener noreferrer\"><span style=\"color: #008000;\">fumiste<\/span><\/a><\/em> sp\u00e9cialis\u00e9<\/strong><\/span><\/h4>\n<p>&nbsp;<\/p>\n<p style=\"text-align: center;\">n\u00e9 aux Bordes (Roy\u00e8re)<\/p>\n<p style=\"text-align: center;\">le 22 ao\u00fbt 1881<\/p>\n<p style=\"text-align: center;\">fils de<\/p>\n<p style=\"text-align: center;\">Alexandre LENOIR, <span style=\"color: #008000;\"><strong>ma\u00e7on <span style=\"color: #008000;\">\/ <\/span><\/strong><\/span>Marie BIOLETTE<\/p>\n<p style=\"text-align: center;\">propri\u00e9taires cultivateurs<\/p>\n<p style=\"text-align: center;\"><span style=\"color: #ffffff;\">\u25d9<\/span><\/p>\n<p><strong>En 1902<\/strong><em>, Fran\u00e7ois, <\/em><span style=\"color: #008000;\"><strong>ma\u00e7on<\/strong><\/span><em>, travaille en <\/em><span style=\"color: #0000ff;\"><strong>Gironde <\/strong><\/span><em>et y passe le conseil de r\u00e9vision. Il est dispens\u00e9 de service militaire, ayant un fr\u00e8re sous les drapeaux.<\/em><\/p>\n<p><strong>En 1903<\/strong><em>, il habite <\/em><span style=\"color: #0000ff;\"><strong>Bordeaux (33)<\/strong><\/span><em> 12, impasse de Marmande;<\/em><\/p>\n<p><strong>en 1904<\/strong><em>, 23, rue Monadey. <\/em><\/p>\n<p><strong>En 1907<\/strong><em>, il est \u00e0 <\/em><span style=\"color: #0000ff;\"><strong>Angoul\u00eame (16)<\/strong><\/span><em>, rue des Dames.<\/em><\/p>\n<p><em> Il y \u00e9pouse Marie <\/em><strong>BONNAUD <\/strong><em>le 20 juillet de la m\u00eame ann\u00e9e. <\/em><\/p>\n<p><em>De retour \u00e0 Bordeaux, il loge\u00a0:<\/em><\/p>\n<p><strong>en 1908<\/strong><em>, 54, rue de Marmande;<\/em><\/p>\n<p><strong>en 1909<\/strong><em>, 38, cours de Bayonne, puis 31, rue Villedieu. <\/em><\/p>\n<p><strong>En 1910<\/strong><em>, il est \u00e0 <\/em><span style=\"color: #0000ff;\"><strong>Rouen Saint-Sever (76)<\/strong><\/span><em>, 48, avenue de Caen\u00a0;<\/em><\/p>\n<p><strong>en 1913<\/strong><em>, \u00e0 <\/em><span style=\"color: #0000ff;\"><strong>Talence (33)<\/strong><\/span><em>, 65, chemin de Bourges. <\/em><\/p>\n<p>&nbsp;<\/p>\n","protected":false},"excerpt":{"rendered":"<p>Mis \u00e0 jour le : 01\/05\/2026Fran\u00e7ois LENOIR 1881 \u2013 apr\u00e8s 1919 ma\u00e7on puis briqueteur \u25bafumiste sp\u00e9cialis\u00e9 &nbsp; n\u00e9 aux Bordes (Roy\u00e8re) le 22 ao\u00fbt 1881 fils de Alexandre LENOIR, ma\u00e7on \/ Marie BIOLETTE propri\u00e9taires cultivateurs \u25d9 En 1902, Fran\u00e7ois, ma\u00e7on, travaille en Gironde et y passe le conseil de r\u00e9vision. Il est dispens\u00e9 de service ..<\/p>\n<div class=\"clear-fix\"><\/div>\n<p><a href=\"https:\/\/www.lesmaconsdelacreuse.fr\/annuaires\/lettre-l\/l_1264\/\" title=\"Lire la suite...\">Lire la suite<\/a><\/p>\n","protected":false},"author":6,"featured_media":0,"comment_status":"closed","ping_status":"closed","sticky":false,"template":"","format":"standard","meta":{"_acf_changed":false,"_exactmetrics_skip_tracking":false,"_exactmetrics_sitenote_active":false,"_exactmetrics_sitenote_note":"","_exactmetrics_sitenote_category":0,"footnotes":""},"categories":[19],"tags":[],"class_list":["post-7586","post","type-post","status-publish","format-standard","hentry","category-lettre-l"],"acf":[],"_links":{"self":[{"href":"https:\/\/www.lesmaconsdelacreuse.fr\/annuaires\/wp-json\/wp\/v2\/posts\/7586","targetHints":{"allow":["GET"]}}],"collection":[{"href":"https:\/\/www.lesmaconsdelacreuse.fr\/annuaires\/wp-json\/wp\/v2\/posts"}],"about":[{"href":"https:\/\/www.lesmaconsdelacreuse.fr\/annuaires\/wp-json\/wp\/v2\/types\/post"}],"author":[{"embeddable":true,"href":"https:\/\/www.lesmaconsdelacreuse.fr\/annuaires\/wp-json\/wp\/v2\/users\/6"}],"replies":[{"embeddable":true,"href":"https:\/\/www.lesmaconsdelacreuse.fr\/annuaires\/wp-json\/wp\/v2\/comments?post=7586"}],"version-history":[{"count":0,"href":"https:\/\/www.lesmaconsdelacreuse.fr\/annuaires\/wp-json\/wp\/v2\/posts\/7586\/revisions"}],"wp:attachment":[{"href":"https:\/\/www.lesmaconsdelacreuse.fr\/annuaires\/wp-json\/wp\/v2\/media?parent=7586"}],"wp:term":[{"taxonomy":"category","embeddable":true,"href":"https:\/\/www.lesmaconsdelacreuse.fr\/annuaires\/wp-json\/wp\/v2\/categories?post=7586"},{"taxonomy":"post_tag","embeddable":true,"href":"https:\/\/www.lesmaconsdelacreuse.fr\/annuaires\/wp-json\/wp\/v2\/tags?post=7586"}],"curies":[{"name":"wp","href":"https:\/\/api.w.org\/{rel}","templated":true}]}}