{"id":7617,"date":"2019-07-28T13:33:46","date_gmt":"2019-07-28T11:33:46","guid":{"rendered":"http:\/\/lesmaconsdelacreuse.fr\/annuaire\/?p=7617"},"modified":"2020-01-20T11:29:08","modified_gmt":"2020-01-20T10:29:08","slug":"l_1185","status":"publish","type":"post","link":"https:\/\/www.lesmaconsdelacreuse.fr\/annuaires\/lettre-l\/l_1185\/","title":{"rendered":"LENOBLE Fran\u00e7ois (1835-1910)"},"content":{"rendered":"<p class=\"last-updated\"><strong>Mis \u00e0 jour le :<\/strong> 01\/05\/2026<\/p><h2 style=\"text-align: center;\"><strong>Fran\u00e7ois LENOBLE<\/strong><\/h2>\n<p style=\"text-align: center;\"><strong>1835 \u2013 1910<\/strong><\/p>\n<p style=\"text-align: center;\"><img decoding=\"async\" title=\"\" src=\"https:\/\/lesmaconsdelacreuse.fr\/annuaire\/wp-content\/uploads\/2019\/07\/image1-2032.jpg\" alt=\"\" data-source-id=\"i.0\" data-asset-id=\"7615\" \/><\/p>\n<h4 style=\"text-align: center;\"><span style=\"color: #008000;\"><strong>ma\u00e7on<\/strong><\/span><\/h4>\n<p style=\"text-align: center;\">n\u00e9 \u00e0 Mis\u00e9rat (Peyrat-le-Ch\u00e2teau \u2013 87)<\/p>\n<p style=\"text-align: center;\">le 23 novembre 1835<\/p>\n<p style=\"text-align: center;\">fils de<\/p>\n<p style=\"text-align: center;\">Jean LENOBLE, <span style=\"color: #008000;\"><strong>ma\u00e7on<\/strong><\/span><\/p>\n<p style=\"text-align: center;\">Marguerite VIALATOUX, cultivatrice<\/p>\n<p style=\"text-align: center;\"><span style=\"color: #ffffff;\">\u25d9<\/span><\/p>\n<p><em>Fran\u00e7ois habite Buze (Saint-Pardoux-Lavaud) lorsqu\u2019il \u00e9pouse Jeanne <\/em><strong>JOUANAUD<\/strong><em> le 11 f\u00e9vrier <\/em><strong>1861<\/strong><em> \u00e0 Morterolles (contrat de Limoges \u00e0 Bourganeuf). Ils vivent d\u2019abord \u00e0 Freisseix. <\/em><\/p>\n<p><strong>En 1863<\/strong><em>, Fran\u00e7ois travaille dans le <\/em><span style=\"color: #0000ff;\"><strong>Rh\u00f4ne<\/strong><\/span><em>\u00a0; <\/em><\/p>\n<p><strong>en 1872<\/strong><em>, il est \u00e0 <\/em><span style=\"color: #0000ff;\"><strong>Lyon (69)<\/strong><\/span><em>. <\/em><\/p>\n<p><strong>En 1876<\/strong><em>, les \u00e9poux habitent 1, Grande Rue \u00e0 <\/em><span style=\"color: #0000ff;\"><strong>Pierre-B\u00e9nite (69)<\/strong><\/span><em>.<\/em><\/p>\n<p><em>Fran\u00e7ois d\u00e9c\u00e8de \u00e0 Freisseix le 21 novembre <\/em><strong>1910<\/strong><em>, \u00e2g\u00e9 de 75 ans.<\/em><\/p>\n","protected":false},"excerpt":{"rendered":"<p>Mis \u00e0 jour le : 01\/05\/2026Fran\u00e7ois LENOBLE 1835 \u2013 1910 ma\u00e7on n\u00e9 \u00e0 Mis\u00e9rat (Peyrat-le-Ch\u00e2teau \u2013 87) le 23 novembre 1835 fils de Jean LENOBLE, ma\u00e7on Marguerite VIALATOUX, cultivatrice \u25d9 Fran\u00e7ois habite Buze (Saint-Pardoux-Lavaud) lorsqu\u2019il \u00e9pouse Jeanne JOUANAUD le 11 f\u00e9vrier 1861 \u00e0 Morterolles (contrat de Limoges \u00e0 Bourganeuf). Ils vivent d\u2019abord \u00e0 Freisseix. En ..<\/p>\n<div class=\"clear-fix\"><\/div>\n<p><a href=\"https:\/\/www.lesmaconsdelacreuse.fr\/annuaires\/lettre-l\/l_1185\/\" title=\"Lire la suite...\">Lire la suite<\/a><\/p>\n","protected":false},"author":6,"featured_media":0,"comment_status":"closed","ping_status":"closed","sticky":false,"template":"","format":"standard","meta":{"_acf_changed":false,"_exactmetrics_skip_tracking":false,"_exactmetrics_sitenote_active":false,"_exactmetrics_sitenote_note":"","_exactmetrics_sitenote_category":0,"footnotes":""},"categories":[19],"tags":[],"class_list":["post-7617","post","type-post","status-publish","format-standard","hentry","category-lettre-l"],"acf":[],"_links":{"self":[{"href":"https:\/\/www.lesmaconsdelacreuse.fr\/annuaires\/wp-json\/wp\/v2\/posts\/7617","targetHints":{"allow":["GET"]}}],"collection":[{"href":"https:\/\/www.lesmaconsdelacreuse.fr\/annuaires\/wp-json\/wp\/v2\/posts"}],"about":[{"href":"https:\/\/www.lesmaconsdelacreuse.fr\/annuaires\/wp-json\/wp\/v2\/types\/post"}],"author":[{"embeddable":true,"href":"https:\/\/www.lesmaconsdelacreuse.fr\/annuaires\/wp-json\/wp\/v2\/users\/6"}],"replies":[{"embeddable":true,"href":"https:\/\/www.lesmaconsdelacreuse.fr\/annuaires\/wp-json\/wp\/v2\/comments?post=7617"}],"version-history":[{"count":0,"href":"https:\/\/www.lesmaconsdelacreuse.fr\/annuaires\/wp-json\/wp\/v2\/posts\/7617\/revisions"}],"wp:attachment":[{"href":"https:\/\/www.lesmaconsdelacreuse.fr\/annuaires\/wp-json\/wp\/v2\/media?parent=7617"}],"wp:term":[{"taxonomy":"category","embeddable":true,"href":"https:\/\/www.lesmaconsdelacreuse.fr\/annuaires\/wp-json\/wp\/v2\/categories?post=7617"},{"taxonomy":"post_tag","embeddable":true,"href":"https:\/\/www.lesmaconsdelacreuse.fr\/annuaires\/wp-json\/wp\/v2\/tags?post=7617"}],"curies":[{"name":"wp","href":"https:\/\/api.w.org\/{rel}","templated":true}]}}