{"id":7618,"date":"2019-07-28T13:33:45","date_gmt":"2019-07-28T11:33:45","guid":{"rendered":"http:\/\/lesmaconsdelacreuse.fr\/annuaire\/?p=7618"},"modified":"2020-08-23T15:30:47","modified_gmt":"2020-08-23T13:30:47","slug":"l_1249","status":"publish","type":"post","link":"https:\/\/www.lesmaconsdelacreuse.fr\/annuaires\/lettre-l\/l_1249\/","title":{"rendered":"LENEGRE \u00c9tienne (vers 1768-1819)"},"content":{"rendered":"<p class=\"last-updated\"><strong>Mis \u00e0 jour le :<\/strong> 01\/05\/2026<\/p><h2 style=\"text-align: center;\"><strong>\u00c9tienne LEN\u00c8GRE<\/strong><\/h2>\n<p style=\"text-align: center;\"><strong>vers 1768 &#8211; 1819<\/strong><\/p>\n<p style=\"text-align: center;\"><img decoding=\"async\" title=\"\" src=\"https:\/\/lesmaconsdelacreuse.fr\/annuaire\/wp-content\/uploads\/2019\/07\/image1-2033.jpg\" alt=\"\" data-source-id=\"i.0\" data-asset-id=\"7616\" \/><\/p>\n<h4 style=\"text-align: center;\"><span style=\"color: #008000;\"><strong>ma\u00e7on <\/strong>et<strong> laboureur<\/strong><\/span><\/h4>\n<p style=\"text-align: center;\">n\u00e9 \u00e0 Saint-Pierre-le-Bost ?<\/p>\n<p style=\"text-align: center;\">vers 1768<\/p>\n<p style=\"text-align: center;\">fils de<\/p>\n<p style=\"text-align: center;\">\u00c9tienne LEN\u00c8GRE \/ Marie LEBLANC<\/p>\n<p style=\"text-align: center;\">laboureurs<\/p>\n<p style=\"text-align: center;\"><span style=\"color: #ffffff;\">\u25d9<\/span><\/p>\n<p><em>\u00c9tienne \u00e9pouse Magdeleine <\/em><strong>CHAMPESME<\/strong><em> le 6 f\u00e9vrier <\/em><strong>1786<\/strong> <em>au Monteil-au-Vicomte. Ils habitent le bourg de Saint-Pierre.<\/em><\/p>\n<p><em>Magdeleine y d\u00e9c\u00e8de le 8 avril <\/em><strong>1808<\/strong><em>, \u00e2g\u00e9e de 46 ans environ. <\/em><\/p>\n<p><em>\u00c9tienne d\u00e9c\u00e8de \u00e0 <\/em><span style=\"color: #0000ff;\"><strong>Chalamont (01)<\/strong><\/span><em> le 16 d\u00e9cembre <\/em><strong>1819<\/strong><em>, \u00e2g\u00e9 de 51 ans environ. <\/em><\/p>\n","protected":false},"excerpt":{"rendered":"<p>Mis \u00e0 jour le : 01\/05\/2026\u00c9tienne LEN\u00c8GRE vers 1768 &#8211; 1819 ma\u00e7on et laboureur n\u00e9 \u00e0 Saint-Pierre-le-Bost ? vers 1768 fils de \u00c9tienne LEN\u00c8GRE \/ Marie LEBLANC laboureurs \u25d9 \u00c9tienne \u00e9pouse Magdeleine CHAMPESME le 6 f\u00e9vrier 1786 au Monteil-au-Vicomte. Ils habitent le bourg de Saint-Pierre. Magdeleine y d\u00e9c\u00e8de le 8 avril 1808, \u00e2g\u00e9e de 46 ..<\/p>\n<div class=\"clear-fix\"><\/div>\n<p><a href=\"https:\/\/www.lesmaconsdelacreuse.fr\/annuaires\/lettre-l\/l_1249\/\" title=\"Lire la suite...\">Lire la suite<\/a><\/p>\n","protected":false},"author":6,"featured_media":0,"comment_status":"closed","ping_status":"closed","sticky":false,"template":"","format":"standard","meta":{"_acf_changed":false,"_exactmetrics_skip_tracking":false,"_exactmetrics_sitenote_active":false,"_exactmetrics_sitenote_note":"","_exactmetrics_sitenote_category":0,"footnotes":""},"categories":[19],"tags":[],"class_list":["post-7618","post","type-post","status-publish","format-standard","hentry","category-lettre-l"],"acf":[],"_links":{"self":[{"href":"https:\/\/www.lesmaconsdelacreuse.fr\/annuaires\/wp-json\/wp\/v2\/posts\/7618","targetHints":{"allow":["GET"]}}],"collection":[{"href":"https:\/\/www.lesmaconsdelacreuse.fr\/annuaires\/wp-json\/wp\/v2\/posts"}],"about":[{"href":"https:\/\/www.lesmaconsdelacreuse.fr\/annuaires\/wp-json\/wp\/v2\/types\/post"}],"author":[{"embeddable":true,"href":"https:\/\/www.lesmaconsdelacreuse.fr\/annuaires\/wp-json\/wp\/v2\/users\/6"}],"replies":[{"embeddable":true,"href":"https:\/\/www.lesmaconsdelacreuse.fr\/annuaires\/wp-json\/wp\/v2\/comments?post=7618"}],"version-history":[{"count":0,"href":"https:\/\/www.lesmaconsdelacreuse.fr\/annuaires\/wp-json\/wp\/v2\/posts\/7618\/revisions"}],"wp:attachment":[{"href":"https:\/\/www.lesmaconsdelacreuse.fr\/annuaires\/wp-json\/wp\/v2\/media?parent=7618"}],"wp:term":[{"taxonomy":"category","embeddable":true,"href":"https:\/\/www.lesmaconsdelacreuse.fr\/annuaires\/wp-json\/wp\/v2\/categories?post=7618"},{"taxonomy":"post_tag","embeddable":true,"href":"https:\/\/www.lesmaconsdelacreuse.fr\/annuaires\/wp-json\/wp\/v2\/tags?post=7618"}],"curies":[{"name":"wp","href":"https:\/\/api.w.org\/{rel}","templated":true}]}}