{"id":7624,"date":"2019-07-28T13:33:45","date_gmt":"2019-07-28T11:33:45","guid":{"rendered":"http:\/\/lesmaconsdelacreuse.fr\/annuaire\/?p=7624"},"modified":"2020-01-20T11:29:11","modified_gmt":"2020-01-20T10:29:11","slug":"l_1201","status":"publish","type":"post","link":"https:\/\/www.lesmaconsdelacreuse.fr\/annuaires\/lettre-l\/l_1201\/","title":{"rendered":"LENOIR Andr\u00e9 (1826-1898)"},"content":{"rendered":"<p class=\"last-updated\"><strong>Mis \u00e0 jour le :<\/strong> 01\/05\/2026<\/p><h2 style=\"text-align: center;\"><strong>Andr\u00e9 LENOIR<\/strong><\/h2>\n<p style=\"text-align: center;\"><strong>1826 \u2013 1898<\/strong><\/p>\n<p style=\"text-align: center;\"><img decoding=\"async\" title=\"\" src=\"https:\/\/lesmaconsdelacreuse.fr\/annuaire\/wp-content\/uploads\/2019\/07\/image1-2035.jpg\" alt=\"\" data-source-id=\"i.0\" data-asset-id=\"7621\" \/><\/p>\n<h4 style=\"text-align: center;\"><span style=\"color: #008000;\"><strong>ma\u00e7on <\/strong>et<strong> cultivateur<\/strong><\/span><\/h4>\n<p style=\"text-align: center;\">n\u00e9 \u00e0 Aug\u00e8res (Faux-Mazuras)<\/p>\n<p style=\"text-align: center;\">le 30 ao\u00fbt 1826<\/p>\n<p style=\"text-align: center;\">fils de<\/p>\n<p style=\"text-align: center;\">Andr\u00e9 LENOIR \/ Jeanne LENOIR<\/p>\n<p style=\"text-align: center;\">cultivateurs<\/p>\n<p style=\"text-align: center;\"><span style=\"color: #ffffff;\">\u25d9<\/span><\/p>\n<p><em>Andr\u00e9 \u00e9pouse Jeanne <\/em><strong>PATAUD<\/strong><em> le 3 f\u00e9vrier <\/em><strong>1857<\/strong><em> \u00e0 Saint-Junien-la-Breg\u00e8re (contrat Filliatre \u00e0 Bourganeuf). Ils habitent Labassat, puis Lestrade, les deux, commune de Saint-Junien. <\/em><\/p>\n<p><em>Jeanne d\u00e9c\u00e8de \u00e0 Lestrade le 21 septembre <\/em><strong>1866<\/strong><em>, \u00e2g\u00e9e de 28 ans. <\/em><\/p>\n<p><em>Andr\u00e9 se remarie le 26 janvier <\/em><strong>1869<\/strong><em> \u00e0 Saint-Junien avec Th\u00e9r\u00e8se <\/em><strong>RUBY <\/strong><em>(contrat Toumieux \u00e0 Roy\u00e8re). Ils habitent le village de La Villatte, commune de Saint-Junien.<\/em><\/p>\n<p><em>Ils d\u00e9c\u00e8dent\u00a0:<\/em><\/p>\n<ul>\n<li><em> Andr\u00e9, \u00e0 Auzoux, commune de Roy\u00e8re, le 28 f\u00e9vrier <\/em><strong>1898<\/strong><em>, \u00e2g\u00e9 de 71 ans<\/em><\/li>\n<li><em> Th\u00e9r\u00e8se, aux Bordes, m\u00eame commune, le 28 ao\u00fbt <\/em><strong>1914<\/strong><em>, \u00e2g\u00e9e de 74 ans<\/em><\/li>\n<\/ul>\n","protected":false},"excerpt":{"rendered":"<p>Mis \u00e0 jour le : 01\/05\/2026Andr\u00e9 LENOIR 1826 \u2013 1898 ma\u00e7on et cultivateur n\u00e9 \u00e0 Aug\u00e8res (Faux-Mazuras) le 30 ao\u00fbt 1826 fils de Andr\u00e9 LENOIR \/ Jeanne LENOIR cultivateurs \u25d9 Andr\u00e9 \u00e9pouse Jeanne PATAUD le 3 f\u00e9vrier 1857 \u00e0 Saint-Junien-la-Breg\u00e8re (contrat Filliatre \u00e0 Bourganeuf). Ils habitent Labassat, puis Lestrade, les deux, commune de Saint-Junien. Jeanne ..<\/p>\n<div class=\"clear-fix\"><\/div>\n<p><a href=\"https:\/\/www.lesmaconsdelacreuse.fr\/annuaires\/lettre-l\/l_1201\/\" title=\"Lire la suite...\">Lire la suite<\/a><\/p>\n","protected":false},"author":6,"featured_media":0,"comment_status":"closed","ping_status":"closed","sticky":false,"template":"","format":"standard","meta":{"_acf_changed":false,"_exactmetrics_skip_tracking":false,"_exactmetrics_sitenote_active":false,"_exactmetrics_sitenote_note":"","_exactmetrics_sitenote_category":0,"footnotes":""},"categories":[19],"tags":[],"class_list":["post-7624","post","type-post","status-publish","format-standard","hentry","category-lettre-l"],"acf":[],"_links":{"self":[{"href":"https:\/\/www.lesmaconsdelacreuse.fr\/annuaires\/wp-json\/wp\/v2\/posts\/7624","targetHints":{"allow":["GET"]}}],"collection":[{"href":"https:\/\/www.lesmaconsdelacreuse.fr\/annuaires\/wp-json\/wp\/v2\/posts"}],"about":[{"href":"https:\/\/www.lesmaconsdelacreuse.fr\/annuaires\/wp-json\/wp\/v2\/types\/post"}],"author":[{"embeddable":true,"href":"https:\/\/www.lesmaconsdelacreuse.fr\/annuaires\/wp-json\/wp\/v2\/users\/6"}],"replies":[{"embeddable":true,"href":"https:\/\/www.lesmaconsdelacreuse.fr\/annuaires\/wp-json\/wp\/v2\/comments?post=7624"}],"version-history":[{"count":0,"href":"https:\/\/www.lesmaconsdelacreuse.fr\/annuaires\/wp-json\/wp\/v2\/posts\/7624\/revisions"}],"wp:attachment":[{"href":"https:\/\/www.lesmaconsdelacreuse.fr\/annuaires\/wp-json\/wp\/v2\/media?parent=7624"}],"wp:term":[{"taxonomy":"category","embeddable":true,"href":"https:\/\/www.lesmaconsdelacreuse.fr\/annuaires\/wp-json\/wp\/v2\/categories?post=7624"},{"taxonomy":"post_tag","embeddable":true,"href":"https:\/\/www.lesmaconsdelacreuse.fr\/annuaires\/wp-json\/wp\/v2\/tags?post=7624"}],"curies":[{"name":"wp","href":"https:\/\/api.w.org\/{rel}","templated":true}]}}