{"id":7627,"date":"2019-07-28T13:33:45","date_gmt":"2019-07-28T11:33:45","guid":{"rendered":"http:\/\/lesmaconsdelacreuse.fr\/annuaire\/?p=7627"},"modified":"2020-01-20T11:29:10","modified_gmt":"2020-01-20T10:29:10","slug":"l_1184","status":"publish","type":"post","link":"https:\/\/www.lesmaconsdelacreuse.fr\/annuaires\/lettre-l\/l_1184\/","title":{"rendered":"LENAIN Toussaint (1751-1814)"},"content":{"rendered":"<p class=\"last-updated\"><strong>Mis \u00e0 jour le :<\/strong> 01\/05\/2026<\/p><h2 style=\"text-align: center;\"><strong>Toussaint LENAIN<\/strong><\/h2>\n<p style=\"text-align: center;\"><strong>1751 \u2013 1814<\/strong><\/p>\n<p style=\"text-align: center;\"><img loading=\"lazy\" decoding=\"async\" class=\"\" title=\"\" src=\"https:\/\/lesmaconsdelacreuse.fr\/annuaire\/wp-content\/uploads\/2019\/07\/image1-2036.jpg\" alt=\"\" width=\"467\" height=\"80\" data-source-id=\"i.0\" data-asset-id=\"7622\" \/><\/p>\n<h4 style=\"text-align: center;\"><span style=\"color: #008000;\"><strong>ma\u00e7on <\/strong>et<strong> laboureur<\/strong><\/span><\/h4>\n<p style=\"text-align: center;\">n\u00e9 au Villard (Roy\u00e8re)<\/p>\n<p style=\"text-align: center;\">le 1er novembre 1751<\/p>\n<p style=\"text-align: center;\">fils de<\/p>\n<p style=\"text-align: center;\">Antoine LENAIN, <span style=\"color: #008000;\"><strong><a target=\"_blank\"style=\"color: #008000;\" href=\"https:\/\/www.lesmaconsdelacreuse.fr\/annuaires\/\/wp-content\/uploads\/LEXIQUE\/MAITRE-MACON.pdf\">ma\u00eetre<\/a> <\/strong><\/span><span style=\"color: #008000;\"><strong>ma\u00e7on<\/strong><\/span><span style=\"color: #008000;\"><strong> \/\u00a0<\/strong><\/span>Marguerite COUTISSON<\/p>\n<p style=\"text-align: center;\">laboureurs<\/p>\n<p style=\"text-align: center;\"><span style=\"color: #ffffff;\">\u25d9<\/span><\/p>\n<p><em>Toussaint \u00e9pouse Catherine <\/em><strong>LECLERC<\/strong><em> le 26 f\u00e9vrier <\/em><strong>1770<\/strong> <em>\u00e0 Roy\u00e8re (contrat Coutisson). Ils habitent Le Villard.<\/em><\/p>\n<p><em>Toussaint d\u00e9c\u00e8de veuf au bourg de Roy\u00e8re le 1er mai <\/em><strong>1814<\/strong><em>, \u00e2g\u00e9 de 62 ans.<\/em><\/p>\n","protected":false},"excerpt":{"rendered":"<p>Mis \u00e0 jour le : 01\/05\/2026Toussaint LENAIN 1751 \u2013 1814 ma\u00e7on et laboureur n\u00e9 au Villard (Roy\u00e8re) le 1er novembre 1751 fils de Antoine LENAIN, ma\u00eetre ma\u00e7on \/\u00a0Marguerite COUTISSON laboureurs \u25d9 Toussaint \u00e9pouse Catherine LECLERC le 26 f\u00e9vrier 1770 \u00e0 Roy\u00e8re (contrat Coutisson). Ils habitent Le Villard. Toussaint d\u00e9c\u00e8de veuf au bourg de Roy\u00e8re le ..<\/p>\n<div class=\"clear-fix\"><\/div>\n<p><a href=\"https:\/\/www.lesmaconsdelacreuse.fr\/annuaires\/lettre-l\/l_1184\/\" title=\"Lire la suite...\">Lire la suite<\/a><\/p>\n","protected":false},"author":6,"featured_media":0,"comment_status":"closed","ping_status":"closed","sticky":false,"template":"","format":"standard","meta":{"_acf_changed":false,"_exactmetrics_skip_tracking":false,"_exactmetrics_sitenote_active":false,"_exactmetrics_sitenote_note":"","_exactmetrics_sitenote_category":0,"footnotes":""},"categories":[19],"tags":[],"class_list":["post-7627","post","type-post","status-publish","format-standard","hentry","category-lettre-l"],"acf":[],"_links":{"self":[{"href":"https:\/\/www.lesmaconsdelacreuse.fr\/annuaires\/wp-json\/wp\/v2\/posts\/7627","targetHints":{"allow":["GET"]}}],"collection":[{"href":"https:\/\/www.lesmaconsdelacreuse.fr\/annuaires\/wp-json\/wp\/v2\/posts"}],"about":[{"href":"https:\/\/www.lesmaconsdelacreuse.fr\/annuaires\/wp-json\/wp\/v2\/types\/post"}],"author":[{"embeddable":true,"href":"https:\/\/www.lesmaconsdelacreuse.fr\/annuaires\/wp-json\/wp\/v2\/users\/6"}],"replies":[{"embeddable":true,"href":"https:\/\/www.lesmaconsdelacreuse.fr\/annuaires\/wp-json\/wp\/v2\/comments?post=7627"}],"version-history":[{"count":0,"href":"https:\/\/www.lesmaconsdelacreuse.fr\/annuaires\/wp-json\/wp\/v2\/posts\/7627\/revisions"}],"wp:attachment":[{"href":"https:\/\/www.lesmaconsdelacreuse.fr\/annuaires\/wp-json\/wp\/v2\/media?parent=7627"}],"wp:term":[{"taxonomy":"category","embeddable":true,"href":"https:\/\/www.lesmaconsdelacreuse.fr\/annuaires\/wp-json\/wp\/v2\/categories?post=7627"},{"taxonomy":"post_tag","embeddable":true,"href":"https:\/\/www.lesmaconsdelacreuse.fr\/annuaires\/wp-json\/wp\/v2\/tags?post=7627"}],"curies":[{"name":"wp","href":"https:\/\/api.w.org\/{rel}","templated":true}]}}