{"id":7632,"date":"2019-07-28T13:33:45","date_gmt":"2019-07-28T11:33:45","guid":{"rendered":"http:\/\/lesmaconsdelacreuse.fr\/annuaire\/?p=7632"},"modified":"2020-01-20T11:29:10","modified_gmt":"2020-01-20T10:29:10","slug":"l_1190","status":"publish","type":"post","link":"https:\/\/www.lesmaconsdelacreuse.fr\/annuaires\/lettre-l\/l_1190\/","title":{"rendered":"LENOBLE L\u00e9onard (1815-1875)"},"content":{"rendered":"<p class=\"last-updated\"><strong>Mis \u00e0 jour le :<\/strong> 01\/05\/2026<\/p><h2 style=\"text-align: center;\"><strong>L\u00e9onard LENOBLE<\/strong><\/h2>\n<p style=\"text-align: center;\"><strong>1815 \u2013 1875<\/strong><\/p>\n<p style=\"text-align: center;\"><img decoding=\"async\" title=\"\" src=\"https:\/\/lesmaconsdelacreuse.fr\/annuaire\/wp-content\/uploads\/2019\/07\/image1-2038.jpg\" alt=\"\" data-source-id=\"i.0\" data-asset-id=\"7630\" \/><\/p>\n<h4 style=\"text-align: center;\"><span style=\"color: #008000;\"><strong>ma\u00e7on <\/strong>et<strong> cultivateur<\/strong><\/span><\/h4>\n<p style=\"text-align: center;\">n\u00e9 \u00e0 Mis\u00e9rat (Peyrat-le-Ch\u00e2teau \u2013 87)<\/p>\n<p style=\"text-align: center;\">le 9 juillet 1815<\/p>\n<p style=\"text-align: center;\">fils de<\/p>\n<p style=\"text-align: center;\">Germain LENOBLE \/ Fran\u00e7oise ANGLERAUD<\/p>\n<p style=\"text-align: center;\">cultivateurs<\/p>\n<p style=\"text-align: center;\"><span style=\"color: #ffffff;\">\u25d9<\/span><\/p>\n<p><em>L\u00e9onard \u00e9pouse Anne <\/em><strong>VIALATOUX<\/strong><em> le 4 f\u00e9vrier <\/em><strong>1840<\/strong><em> \u00e0 Peyrat.<\/em><\/p>\n<p><em> Ils habitent Le Massoubrot.<\/em><\/p>\n<p><em>Ils y d\u00e9c\u00e8dent\u00a0:<\/em><\/p>\n<ul>\n<li><em>Anne, le 25 juillet <\/em><strong>1872<\/strong><em>, \u00e2g\u00e9e de 50 ans<\/em><\/li>\n<li><em>L\u00e9onard, le 14 octobre <\/em><strong>1875<\/strong><em>, \u00e2g\u00e9 de 60 ans<\/em><\/li>\n<\/ul>\n","protected":false},"excerpt":{"rendered":"<p>Mis \u00e0 jour le : 01\/05\/2026L\u00e9onard LENOBLE 1815 \u2013 1875 ma\u00e7on et cultivateur n\u00e9 \u00e0 Mis\u00e9rat (Peyrat-le-Ch\u00e2teau \u2013 87) le 9 juillet 1815 fils de Germain LENOBLE \/ Fran\u00e7oise ANGLERAUD cultivateurs \u25d9 L\u00e9onard \u00e9pouse Anne VIALATOUX le 4 f\u00e9vrier 1840 \u00e0 Peyrat. Ils habitent Le Massoubrot. Ils y d\u00e9c\u00e8dent\u00a0: Anne, le 25 juillet 1872, \u00e2g\u00e9e ..<\/p>\n<div class=\"clear-fix\"><\/div>\n<p><a href=\"https:\/\/www.lesmaconsdelacreuse.fr\/annuaires\/lettre-l\/l_1190\/\" title=\"Lire la suite...\">Lire la suite<\/a><\/p>\n","protected":false},"author":6,"featured_media":0,"comment_status":"closed","ping_status":"closed","sticky":false,"template":"","format":"standard","meta":{"_acf_changed":false,"_exactmetrics_skip_tracking":false,"_exactmetrics_sitenote_active":false,"_exactmetrics_sitenote_note":"","_exactmetrics_sitenote_category":0,"footnotes":""},"categories":[19],"tags":[],"class_list":["post-7632","post","type-post","status-publish","format-standard","hentry","category-lettre-l"],"acf":[],"_links":{"self":[{"href":"https:\/\/www.lesmaconsdelacreuse.fr\/annuaires\/wp-json\/wp\/v2\/posts\/7632","targetHints":{"allow":["GET"]}}],"collection":[{"href":"https:\/\/www.lesmaconsdelacreuse.fr\/annuaires\/wp-json\/wp\/v2\/posts"}],"about":[{"href":"https:\/\/www.lesmaconsdelacreuse.fr\/annuaires\/wp-json\/wp\/v2\/types\/post"}],"author":[{"embeddable":true,"href":"https:\/\/www.lesmaconsdelacreuse.fr\/annuaires\/wp-json\/wp\/v2\/users\/6"}],"replies":[{"embeddable":true,"href":"https:\/\/www.lesmaconsdelacreuse.fr\/annuaires\/wp-json\/wp\/v2\/comments?post=7632"}],"version-history":[{"count":0,"href":"https:\/\/www.lesmaconsdelacreuse.fr\/annuaires\/wp-json\/wp\/v2\/posts\/7632\/revisions"}],"wp:attachment":[{"href":"https:\/\/www.lesmaconsdelacreuse.fr\/annuaires\/wp-json\/wp\/v2\/media?parent=7632"}],"wp:term":[{"taxonomy":"category","embeddable":true,"href":"https:\/\/www.lesmaconsdelacreuse.fr\/annuaires\/wp-json\/wp\/v2\/categories?post=7632"},{"taxonomy":"post_tag","embeddable":true,"href":"https:\/\/www.lesmaconsdelacreuse.fr\/annuaires\/wp-json\/wp\/v2\/tags?post=7632"}],"curies":[{"name":"wp","href":"https:\/\/api.w.org\/{rel}","templated":true}]}}