{"id":7633,"date":"2019-07-28T13:33:45","date_gmt":"2019-07-28T11:33:45","guid":{"rendered":"http:\/\/lesmaconsdelacreuse.fr\/annuaire\/?p=7633"},"modified":"2020-10-11T15:03:48","modified_gmt":"2020-10-11T13:03:48","slug":"l_1204","status":"publish","type":"post","link":"https:\/\/www.lesmaconsdelacreuse.fr\/annuaires\/lettre-l\/l_1204\/","title":{"rendered":"LENOIR Antoine (vers 1702-apr\u00e8s 1761)"},"content":{"rendered":"<p class=\"last-updated\"><strong>Mis \u00e0 jour le :<\/strong> 01\/05\/2026<\/p><h2 style=\"text-align: center;\"><strong>Antoine LENOIR<\/strong><\/h2>\n<p style=\"text-align: center;\"><strong>Antoine LEN\u00c8GRE<\/strong><\/p>\n<p style=\"text-align: center;\"><strong>vers 1702 \u2013 apr\u00e8s 1761<\/strong><\/p>\n<p style=\"text-align: center;\"><img decoding=\"async\" title=\"\" src=\"https:\/\/lesmaconsdelacreuse.fr\/annuaire\/wp-content\/uploads\/2019\/07\/image1-2038.jpg\" alt=\"\" data-source-id=\"i.0\" data-asset-id=\"7631\" \/><\/p>\n<h4 style=\"text-align: center;\"><span style=\"color: #008000;\"><strong>ma\u00e7on<\/strong>; <strong>laboureur <\/strong>et<strong> \u25ba<a href=\"https:\/\/www.lesmaconsdelacreuse.fr\/annuaires\/wp-content\/uploads\/2020\/08\/FERMIER-M\u00c9TAYER.png\" target=\"_blank\" rel=\"noopener noreferrer\"><span style=\"color: #008000;\">m\u00e9tayer<\/span><\/a><br \/>\n<\/strong><\/span><\/h4>\n<p>&nbsp;<\/p>\n<p style=\"text-align: center;\">n\u00e9 \u00e0 La Chaise (Saint-Pardoux-Lavaud)\u00a0?<\/p>\n<p style=\"text-align: center;\">vers 1702<\/p>\n<p style=\"text-align: center;\">fils de<\/p>\n<p style=\"text-align: center;\">L\u00e9onard LENOIR \/ L\u00e9onarde DESBOEUFS\u00a0?<\/p>\n<p style=\"text-align: center;\"><span style=\"color: #ffffff;\">\u25d9<\/span><\/p>\n<p style=\"text-align: center;\"><em>Antoine \u00e9pouse Anne <\/em><strong>BOUGET<\/strong><em> le 28 f\u00e9vrier <\/em><strong>1724<\/strong> <em>\u00e0 Roy\u00e8re (contrat Faure).<\/em><\/p>\n<p><em> Ils habitent Le Feix, m\u00eame paroisse.<\/em><\/p>\n<p><em>Anne y d\u00e9c\u00e8de le 12 octobre <\/em><strong>1761<\/strong><em>, \u00e2g\u00e9e de 50 ans. <\/em><\/p>\n<p>&nbsp;<\/p>\n","protected":false},"excerpt":{"rendered":"<p>Mis \u00e0 jour le : 01\/05\/2026Antoine LENOIR Antoine LEN\u00c8GRE vers 1702 \u2013 apr\u00e8s 1761 ma\u00e7on; laboureur et \u25bam\u00e9tayer &nbsp; n\u00e9 \u00e0 La Chaise (Saint-Pardoux-Lavaud)\u00a0? vers 1702 fils de L\u00e9onard LENOIR \/ L\u00e9onarde DESBOEUFS\u00a0? \u25d9 Antoine \u00e9pouse Anne BOUGET le 28 f\u00e9vrier 1724 \u00e0 Roy\u00e8re (contrat Faure). Ils habitent Le Feix, m\u00eame paroisse. Anne y d\u00e9c\u00e8de ..<\/p>\n<div class=\"clear-fix\"><\/div>\n<p><a href=\"https:\/\/www.lesmaconsdelacreuse.fr\/annuaires\/lettre-l\/l_1204\/\" title=\"Lire la suite...\">Lire la suite<\/a><\/p>\n","protected":false},"author":6,"featured_media":0,"comment_status":"closed","ping_status":"closed","sticky":false,"template":"","format":"standard","meta":{"_acf_changed":false,"_exactmetrics_skip_tracking":false,"_exactmetrics_sitenote_active":false,"_exactmetrics_sitenote_note":"","_exactmetrics_sitenote_category":0,"footnotes":""},"categories":[19],"tags":[],"class_list":["post-7633","post","type-post","status-publish","format-standard","hentry","category-lettre-l"],"acf":[],"_links":{"self":[{"href":"https:\/\/www.lesmaconsdelacreuse.fr\/annuaires\/wp-json\/wp\/v2\/posts\/7633","targetHints":{"allow":["GET"]}}],"collection":[{"href":"https:\/\/www.lesmaconsdelacreuse.fr\/annuaires\/wp-json\/wp\/v2\/posts"}],"about":[{"href":"https:\/\/www.lesmaconsdelacreuse.fr\/annuaires\/wp-json\/wp\/v2\/types\/post"}],"author":[{"embeddable":true,"href":"https:\/\/www.lesmaconsdelacreuse.fr\/annuaires\/wp-json\/wp\/v2\/users\/6"}],"replies":[{"embeddable":true,"href":"https:\/\/www.lesmaconsdelacreuse.fr\/annuaires\/wp-json\/wp\/v2\/comments?post=7633"}],"version-history":[{"count":0,"href":"https:\/\/www.lesmaconsdelacreuse.fr\/annuaires\/wp-json\/wp\/v2\/posts\/7633\/revisions"}],"wp:attachment":[{"href":"https:\/\/www.lesmaconsdelacreuse.fr\/annuaires\/wp-json\/wp\/v2\/media?parent=7633"}],"wp:term":[{"taxonomy":"category","embeddable":true,"href":"https:\/\/www.lesmaconsdelacreuse.fr\/annuaires\/wp-json\/wp\/v2\/categories?post=7633"},{"taxonomy":"post_tag","embeddable":true,"href":"https:\/\/www.lesmaconsdelacreuse.fr\/annuaires\/wp-json\/wp\/v2\/tags?post=7633"}],"curies":[{"name":"wp","href":"https:\/\/api.w.org\/{rel}","templated":true}]}}