{"id":7637,"date":"2019-07-28T13:33:45","date_gmt":"2019-07-28T11:33:45","guid":{"rendered":"http:\/\/lesmaconsdelacreuse.fr\/annuaire\/?p=7637"},"modified":"2022-04-13T10:54:41","modified_gmt":"2022-04-13T08:54:41","slug":"l_1178","status":"publish","type":"post","link":"https:\/\/www.lesmaconsdelacreuse.fr\/annuaires\/lettre-l\/l_1178\/","title":{"rendered":"LEMOINE Pierre Jules (1858-1905)"},"content":{"rendered":"<p class=\"last-updated\"><strong>Mis \u00e0 jour le :<\/strong> 01\/05\/2026<\/p><h2 style=\"text-align: center;\"><strong>Pierre Jules LEMOINE<\/strong><\/h2>\n<p style=\"text-align: center;\"><strong>1858 \u2013 1905<\/strong><\/p>\n<p style=\"text-align: center;\"><img decoding=\"async\" title=\"\" src=\"https:\/\/lesmaconsdelacreuse.fr\/annuaire\/wp-content\/uploads\/2019\/07\/image1-118.png\" alt=\"\" data-source-id=\"i.0\" data-asset-id=\"7635\" \/><\/p>\n<h4 style=\"text-align: center;\"><span style=\"color: #008000;\"><strong>ma\u00e7on<\/strong><\/span><\/h4>\n<p>&nbsp;<\/p>\n<p style=\"text-align: center;\">n\u00e9 au bourg de Morterolles<\/p>\n<p style=\"text-align: center;\">le 14 octobre 1858<\/p>\n<p style=\"text-align: center;\">fils de<\/p>\n<p style=\"text-align: center;\">Sylvain LEMOINE \/ Th\u00e9r\u00e8se LESAGE<\/p>\n<p style=\"text-align: center;\">\u25ba<a href=\"https:\/\/www.lesmaconsdelacreuse.fr\/annuaires\/wp-content\/uploads\/2020\/08\/FERMIER-M\u00c9TAYER.png\" target=\"_blank\" rel=\"noopener noreferrer\">m\u00e9tayers<\/a><\/p>\n<p style=\"text-align: center;\"><span style=\"color: #ffffff;\">\u25d9<\/span><\/p>\n<p><strong>En 1878<\/strong><em>, Pierre r\u00e9side \u00e0 Saint-Georges-la-Pouge.<\/em><\/p>\n<p><em>Il travaille \u00e0 <\/em><span style=\"color: #0000ff;\"><strong>Paris (75)<\/strong><\/span><em>\u00a0et loge\u00a0:<\/em><\/p>\n<p><strong>en 1880<\/strong><em>, 37, rue des Deux Ponts\u00a0;<\/em><\/p>\n<p><strong>de 1881 \u00e0 1883<\/strong> <em>au moins, rue des Jardins-Saint-Paul\u00a0;<\/em><\/p>\n<p><strong>en 1893<\/strong><em>, 6, Impasse Dury, et ses parents habitent Faye, commune de La Pouge.<\/em><\/p>\n<p><em>Le 18 f\u00e9vrier de la m\u00eame ann\u00e9e, il vient \u00e0 Saint-Georges-la-Pouge pour y \u00e9pouser Marie <\/em><strong>CHAUVET<\/strong><em> (mari\u00e9s sans contrat).<\/em><\/p>\n<p><em>Ils habitent 6, impasse Dury.<\/em><\/p>\n<p><em>\u00a0<\/em><em>Ils d\u00e9c\u00e8dent\u00a0:<\/em><\/p>\n<p><em>\u00a0<\/em><\/p>\n<ul>\n<li><em>Marie au Puy-Chalard, commune de Saint-Georges, le 19 avril <\/em><strong>1904<\/strong><em>, \u00e2g\u00e9e de 37 ans<\/em><\/li>\n<li><em>Pierre, habitant toujours impasse Dury, \u00e0 Paris 15<sup>e<\/sup>, le 10 juin <\/em><strong>1905<\/strong><em>, \u00e2g\u00e9 de 46 ans<\/em><\/li>\n<\/ul>\n<p>&nbsp;<\/p>\n<p>&nbsp;<\/p>\n<p>&nbsp;<\/p>\n<p>&nbsp;<\/p>\n<p><em>\u00a0\u00a0\u00a0\u00a0\u00a0\u00a0\u00a0\u00a0\u00a0\u00a0\u00a0 <\/em><\/p>\n<p>&nbsp;<\/p>\n","protected":false},"excerpt":{"rendered":"<p>Mis \u00e0 jour le : 01\/05\/2026Pierre Jules LEMOINE 1858 \u2013 1905 ma\u00e7on &nbsp; n\u00e9 au bourg de Morterolles le 14 octobre 1858 fils de Sylvain LEMOINE \/ Th\u00e9r\u00e8se LESAGE \u25bam\u00e9tayers \u25d9 En 1878, Pierre r\u00e9side \u00e0 Saint-Georges-la-Pouge. Il travaille \u00e0 Paris (75)\u00a0et loge\u00a0: en 1880, 37, rue des Deux Ponts\u00a0; de 1881 \u00e0 1883 au ..<\/p>\n<div class=\"clear-fix\"><\/div>\n<p><a href=\"https:\/\/www.lesmaconsdelacreuse.fr\/annuaires\/lettre-l\/l_1178\/\" title=\"Lire la suite...\">Lire la suite<\/a><\/p>\n","protected":false},"author":6,"featured_media":0,"comment_status":"closed","ping_status":"closed","sticky":false,"template":"","format":"standard","meta":{"_acf_changed":false,"_exactmetrics_skip_tracking":false,"_exactmetrics_sitenote_active":false,"_exactmetrics_sitenote_note":"","_exactmetrics_sitenote_category":0,"footnotes":""},"categories":[19],"tags":[],"class_list":["post-7637","post","type-post","status-publish","format-standard","hentry","category-lettre-l"],"acf":[],"_links":{"self":[{"href":"https:\/\/www.lesmaconsdelacreuse.fr\/annuaires\/wp-json\/wp\/v2\/posts\/7637","targetHints":{"allow":["GET"]}}],"collection":[{"href":"https:\/\/www.lesmaconsdelacreuse.fr\/annuaires\/wp-json\/wp\/v2\/posts"}],"about":[{"href":"https:\/\/www.lesmaconsdelacreuse.fr\/annuaires\/wp-json\/wp\/v2\/types\/post"}],"author":[{"embeddable":true,"href":"https:\/\/www.lesmaconsdelacreuse.fr\/annuaires\/wp-json\/wp\/v2\/users\/6"}],"replies":[{"embeddable":true,"href":"https:\/\/www.lesmaconsdelacreuse.fr\/annuaires\/wp-json\/wp\/v2\/comments?post=7637"}],"version-history":[{"count":2,"href":"https:\/\/www.lesmaconsdelacreuse.fr\/annuaires\/wp-json\/wp\/v2\/posts\/7637\/revisions"}],"predecessor-version":[{"id":197505,"href":"https:\/\/www.lesmaconsdelacreuse.fr\/annuaires\/wp-json\/wp\/v2\/posts\/7637\/revisions\/197505"}],"wp:attachment":[{"href":"https:\/\/www.lesmaconsdelacreuse.fr\/annuaires\/wp-json\/wp\/v2\/media?parent=7637"}],"wp:term":[{"taxonomy":"category","embeddable":true,"href":"https:\/\/www.lesmaconsdelacreuse.fr\/annuaires\/wp-json\/wp\/v2\/categories?post=7637"},{"taxonomy":"post_tag","embeddable":true,"href":"https:\/\/www.lesmaconsdelacreuse.fr\/annuaires\/wp-json\/wp\/v2\/tags?post=7637"}],"curies":[{"name":"wp","href":"https:\/\/api.w.org\/{rel}","templated":true}]}}