{"id":7656,"date":"2019-07-28T13:33:44","date_gmt":"2019-07-28T11:33:44","guid":{"rendered":"http:\/\/lesmaconsdelacreuse.fr\/annuaire\/?p=7656"},"modified":"2020-01-20T11:29:12","modified_gmt":"2020-01-20T10:29:12","slug":"l_1174","status":"publish","type":"post","link":"https:\/\/www.lesmaconsdelacreuse.fr\/annuaires\/lettre-l\/l_1174\/","title":{"rendered":"LEMOINE Martial (1769-1841)"},"content":{"rendered":"<p class=\"last-updated\"><strong>Mis \u00e0 jour le :<\/strong> 01\/05\/2026<\/p><h2 style=\"text-align: center;\"><strong>Martial LEMOINE<\/strong><\/h2>\n<p style=\"text-align: center;\"><strong>1769 &#8211; 1841<\/strong><\/p>\n<p style=\"text-align: center;\"><img decoding=\"async\" title=\"\" src=\"https:\/\/lesmaconsdelacreuse.fr\/annuaire\/wp-content\/uploads\/2019\/07\/image1-2047.jpg\" alt=\"\" data-source-id=\"i.0\" data-asset-id=\"7652\" \/><\/p>\n<h4 style=\"text-align: center;\"><span style=\"color: #008000;\"><strong>ma\u00e7on <\/strong>et<strong> laboureur<\/strong><\/span><\/h4>\n<p style=\"text-align: center;\">n\u00e9 \u00e0 La Colomberie (Charri\u00e8re)<\/p>\n<p style=\"text-align: center;\">le 8 f\u00e9vrier 1769<\/p>\n<p style=\"text-align: center;\">fils de<\/p>\n<p style=\"text-align: center;\">Julien LEMOINE \/ Marie LEROUSSEAU<\/p>\n<p style=\"text-align: center;\">laboureurs<\/p>\n<p style=\"text-align: center;\"><span style=\"color: #ffffff;\">\u25d9<\/span><\/p>\n<p><em>Martial \u00e9pouse Jeanne <\/em><strong>TRUFFY<\/strong><em> le 27 f\u00e9vrier <\/em><strong>1786<\/strong><em> \u00e0 Charri\u00e8re. Ils habitent d\u2019abord La Colomberie.<\/em><\/p>\n<p><strong>En 1838<\/strong><em>, ils sont au Mas-Laguerre, commune de Peyrat-le-Ch\u00e2teau (87).<\/em><\/p>\n<p><em>Ils d\u00e9c\u00e8dent \u00e0 Ballendeix, commune de Peyrat\u00a0:<\/em><\/p>\n<ul>\n<li><em>Martial, le 13 janvier <\/em><strong>1841<\/strong><em>, \u00e2g\u00e9 de 71 ans<\/em><\/li>\n<li><em>Jeanne, le 21 ao\u00fbt de la m\u00eame ann\u00e9e, \u00e2g\u00e9e de 75 ans<\/em><\/li>\n<\/ul>\n","protected":false},"excerpt":{"rendered":"<p>Mis \u00e0 jour le : 01\/05\/2026Martial LEMOINE 1769 &#8211; 1841 ma\u00e7on et laboureur n\u00e9 \u00e0 La Colomberie (Charri\u00e8re) le 8 f\u00e9vrier 1769 fils de Julien LEMOINE \/ Marie LEROUSSEAU laboureurs \u25d9 Martial \u00e9pouse Jeanne TRUFFY le 27 f\u00e9vrier 1786 \u00e0 Charri\u00e8re. Ils habitent d\u2019abord La Colomberie. En 1838, ils sont au Mas-Laguerre, commune de Peyrat-le-Ch\u00e2teau ..<\/p>\n<div class=\"clear-fix\"><\/div>\n<p><a href=\"https:\/\/www.lesmaconsdelacreuse.fr\/annuaires\/lettre-l\/l_1174\/\" title=\"Lire la suite...\">Lire la suite<\/a><\/p>\n","protected":false},"author":6,"featured_media":0,"comment_status":"closed","ping_status":"closed","sticky":false,"template":"","format":"standard","meta":{"_acf_changed":false,"_exactmetrics_skip_tracking":false,"_exactmetrics_sitenote_active":false,"_exactmetrics_sitenote_note":"","_exactmetrics_sitenote_category":0,"footnotes":""},"categories":[19],"tags":[],"class_list":["post-7656","post","type-post","status-publish","format-standard","hentry","category-lettre-l"],"acf":[],"_links":{"self":[{"href":"https:\/\/www.lesmaconsdelacreuse.fr\/annuaires\/wp-json\/wp\/v2\/posts\/7656","targetHints":{"allow":["GET"]}}],"collection":[{"href":"https:\/\/www.lesmaconsdelacreuse.fr\/annuaires\/wp-json\/wp\/v2\/posts"}],"about":[{"href":"https:\/\/www.lesmaconsdelacreuse.fr\/annuaires\/wp-json\/wp\/v2\/types\/post"}],"author":[{"embeddable":true,"href":"https:\/\/www.lesmaconsdelacreuse.fr\/annuaires\/wp-json\/wp\/v2\/users\/6"}],"replies":[{"embeddable":true,"href":"https:\/\/www.lesmaconsdelacreuse.fr\/annuaires\/wp-json\/wp\/v2\/comments?post=7656"}],"version-history":[{"count":0,"href":"https:\/\/www.lesmaconsdelacreuse.fr\/annuaires\/wp-json\/wp\/v2\/posts\/7656\/revisions"}],"wp:attachment":[{"href":"https:\/\/www.lesmaconsdelacreuse.fr\/annuaires\/wp-json\/wp\/v2\/media?parent=7656"}],"wp:term":[{"taxonomy":"category","embeddable":true,"href":"https:\/\/www.lesmaconsdelacreuse.fr\/annuaires\/wp-json\/wp\/v2\/categories?post=7656"},{"taxonomy":"post_tag","embeddable":true,"href":"https:\/\/www.lesmaconsdelacreuse.fr\/annuaires\/wp-json\/wp\/v2\/tags?post=7656"}],"curies":[{"name":"wp","href":"https:\/\/api.w.org\/{rel}","templated":true}]}}