{"id":7659,"date":"2019-07-28T13:33:44","date_gmt":"2019-07-28T11:33:44","guid":{"rendered":"http:\/\/lesmaconsdelacreuse.fr\/annuaire\/?p=7659"},"modified":"2020-08-23T15:30:55","modified_gmt":"2020-08-23T13:30:55","slug":"l_1246","status":"publish","type":"post","link":"https:\/\/www.lesmaconsdelacreuse.fr\/annuaires\/lettre-l\/l_1246\/","title":{"rendered":"LENEGRE \u00c9tienne (1704-1760)"},"content":{"rendered":"<p class=\"last-updated\"><strong>Mis \u00e0 jour le :<\/strong> 01\/05\/2026<\/p><h2 style=\"text-align: center;\"><strong>\u00c9tienne LEN\u00c8GRE<\/strong><\/h2>\n<p style=\"text-align: center;\"><strong>\u00c9tienne LENOIR<\/strong><\/p>\n<p style=\"text-align: center;\"><strong>1704 \u2013 1760<\/strong><\/p>\n<p style=\"text-align: center;\"><img decoding=\"async\" title=\"\" src=\"https:\/\/lesmaconsdelacreuse.fr\/annuaire\/wp-content\/uploads\/2019\/07\/image1-2049.jpg\" alt=\"\" data-source-id=\"i.0\" data-asset-id=\"7655\" \/><\/p>\n<h4 style=\"text-align: center;\"><span style=\"color: #008000;\"><strong>ma\u00e7on <\/strong>et<strong> laboureur<\/strong><\/span><\/h4>\n<p style=\"text-align: center;\">n\u00e9 \u00e0 La Villatte (Saint-Pierre-le-Bost)<\/p>\n<p style=\"text-align: center;\">le 7 octobre 1704<\/p>\n<p style=\"text-align: center;\">fils de<\/p>\n<p style=\"text-align: center;\">Michel LEN\u00c8GRE, <span style=\"color: #008000;\"><strong>ma\u00e7on <\/strong><\/span><strong>\/ <\/strong>Marie LEBLANC<\/p>\n<p style=\"text-align: center;\">laboureurs<\/p>\n<p style=\"text-align: center;\"><span style=\"color: #ffffff;\">\u25d9<\/span><\/p>\n<p><strong>En 1723<\/strong><em>, \u00c9tienne \u00e9pouse L\u00e9onarde <\/em><strong>CHAMPESME<\/strong>\u00a0<em> (contrat Delavergne). <\/em><\/p>\n<p><em> Ils habitent le bourg du Monteil.<\/em><\/p>\n<p><em> Ils y d\u00e9c\u00e8dent\u00a0:<\/em><\/p>\n<ul>\n<li><em>\u00c9tienne, le 3 juin <\/em><strong>1760<\/strong><em>, \u00e2g\u00e9 de 55 ans<\/em><\/li>\n<li><em>L\u00e9onarde, le 10 avril <\/em><strong>1761<\/strong><em>, \u00e2g\u00e9e de 59 ans<\/em><\/li>\n<\/ul>\n","protected":false},"excerpt":{"rendered":"<p>Mis \u00e0 jour le : 01\/05\/2026\u00c9tienne LEN\u00c8GRE \u00c9tienne LENOIR 1704 \u2013 1760 ma\u00e7on et laboureur n\u00e9 \u00e0 La Villatte (Saint-Pierre-le-Bost) le 7 octobre 1704 fils de Michel LEN\u00c8GRE, ma\u00e7on \/ Marie LEBLANC laboureurs \u25d9 En 1723, \u00c9tienne \u00e9pouse L\u00e9onarde CHAMPESME\u00a0 (contrat Delavergne). Ils habitent le bourg du Monteil. Ils y d\u00e9c\u00e8dent\u00a0: \u00c9tienne, le 3 juin ..<\/p>\n<div class=\"clear-fix\"><\/div>\n<p><a href=\"https:\/\/www.lesmaconsdelacreuse.fr\/annuaires\/lettre-l\/l_1246\/\" title=\"Lire la suite...\">Lire la suite<\/a><\/p>\n","protected":false},"author":6,"featured_media":0,"comment_status":"closed","ping_status":"closed","sticky":false,"template":"","format":"standard","meta":{"_acf_changed":false,"_exactmetrics_skip_tracking":false,"_exactmetrics_sitenote_active":false,"_exactmetrics_sitenote_note":"","_exactmetrics_sitenote_category":0,"footnotes":""},"categories":[19],"tags":[],"class_list":["post-7659","post","type-post","status-publish","format-standard","hentry","category-lettre-l"],"acf":[],"_links":{"self":[{"href":"https:\/\/www.lesmaconsdelacreuse.fr\/annuaires\/wp-json\/wp\/v2\/posts\/7659","targetHints":{"allow":["GET"]}}],"collection":[{"href":"https:\/\/www.lesmaconsdelacreuse.fr\/annuaires\/wp-json\/wp\/v2\/posts"}],"about":[{"href":"https:\/\/www.lesmaconsdelacreuse.fr\/annuaires\/wp-json\/wp\/v2\/types\/post"}],"author":[{"embeddable":true,"href":"https:\/\/www.lesmaconsdelacreuse.fr\/annuaires\/wp-json\/wp\/v2\/users\/6"}],"replies":[{"embeddable":true,"href":"https:\/\/www.lesmaconsdelacreuse.fr\/annuaires\/wp-json\/wp\/v2\/comments?post=7659"}],"version-history":[{"count":0,"href":"https:\/\/www.lesmaconsdelacreuse.fr\/annuaires\/wp-json\/wp\/v2\/posts\/7659\/revisions"}],"wp:attachment":[{"href":"https:\/\/www.lesmaconsdelacreuse.fr\/annuaires\/wp-json\/wp\/v2\/media?parent=7659"}],"wp:term":[{"taxonomy":"category","embeddable":true,"href":"https:\/\/www.lesmaconsdelacreuse.fr\/annuaires\/wp-json\/wp\/v2\/categories?post=7659"},{"taxonomy":"post_tag","embeddable":true,"href":"https:\/\/www.lesmaconsdelacreuse.fr\/annuaires\/wp-json\/wp\/v2\/tags?post=7659"}],"curies":[{"name":"wp","href":"https:\/\/api.w.org\/{rel}","templated":true}]}}