{"id":7671,"date":"2019-07-28T13:33:43","date_gmt":"2019-07-28T11:33:43","guid":{"rendered":"http:\/\/lesmaconsdelacreuse.fr\/annuaire\/?p=7671"},"modified":"2020-01-20T11:29:14","modified_gmt":"2020-01-20T10:29:14","slug":"l_1168","status":"publish","type":"post","link":"https:\/\/www.lesmaconsdelacreuse.fr\/annuaires\/lettre-l\/l_1168\/","title":{"rendered":"LEMOINE L\u00e9onard (1788-1839)"},"content":{"rendered":"<p class=\"last-updated\"><strong>Mis \u00e0 jour le :<\/strong> 01\/05\/2026<\/p><h2 style=\"text-align: center;\"><strong>L\u00e9onard LEMOINE<\/strong><\/h2>\n<p style=\"text-align: center;\"><strong>1788 \u2013 1839<\/strong><\/p>\n<p style=\"text-align: center;\"><img decoding=\"async\" title=\"\" src=\"https:\/\/lesmaconsdelacreuse.fr\/annuaire\/wp-content\/uploads\/2019\/07\/image1-2051.jpg\" alt=\"\" data-source-id=\"i.0\" data-asset-id=\"7662\" \/><\/p>\n<h4 style=\"text-align: center;\"><span style=\"color: #008000;\"><strong>ma\u00e7on <\/strong>et<strong> laboureur<\/strong><\/span><\/h4>\n<p style=\"text-align: center;\">n\u00e9 \u00e0 La Colomberie (Charri\u00e8re)<\/p>\n<p style=\"text-align: center;\">le 21 d\u00e9cembre 1788<\/p>\n<p style=\"text-align: center;\">fils de<\/p>\n<p style=\"text-align: center;\">Martial LEMOINE, <span style=\"color: #008000;\"><strong>ma\u00e7on<\/strong><\/span><\/p>\n<p style=\"text-align: center;\">Jeanne TRUFFY, cultivatrice<\/p>\n<p style=\"text-align: center;\"><span style=\"color: #ffffff;\">\u25d9<\/span><\/p>\n<p><strong>En 1808<\/strong><em>, L\u00e9onard est r\u00e9form\u00e9 pour d\u00e9faut de taille (1m46).<\/em><\/p>\n<p><em>Il \u00e9pouse Anne <\/em><strong>LEMOINE <\/strong><em>le 20 f\u00e9vrier <\/em><strong>1810<\/strong> <em>\u00e0 Charri\u00e8re. Ils habitent La Colomberie.<\/em><\/p>\n<p><em>Anne d\u00e9c\u00e8de \u00e0 Villechenine, commune de Peyrat-le-Ch\u00e2teau (87), le 7 ao\u00fbt <\/em><strong>1819<\/strong><em>, \u00e2g\u00e9e de 32 ans environ.<\/em><\/p>\n<p><strong>En 1821<\/strong><em>, toujours habitant Villechenine, L\u00e9onard \u00e9pouse Marguerite <\/em><strong>SANSON<\/strong><em> le 16 janvier \u00e0 Peyrat. <\/em><\/p>\n<p><em>Elle d\u00e9c\u00e8de \u00e0 Longechaud, m\u00eame commune, le 17 janvier <\/em><strong>1825<\/strong><em>, \u00e2g\u00e9e de 24 ans.<\/em><\/p>\n<p><em>L\u00e9onard \u00e9pouse Marie <\/em><strong>CHAUM\u00c9NY<\/strong><em> le 14 juin suivant \u00e0 Peyrat-le-Ch\u00e2teau (87). Ils habitent La Colomberie.<\/em><\/p>\n<p><em>Ils d\u00e9c\u00e8dent\u00a0:<\/em><\/p>\n<ul>\n<li><em>L\u00e9onard, \u00e0 La Colomberie le 28 f\u00e9vrier <\/em><strong>1839<\/strong><em>, \u00e2g\u00e9 de 50 ans<\/em><\/li>\n<li><em>Marie, \u00e0 La Ribi\u00e8re-au-Gay, commune de Saint-Moreil, le 28 janvier <\/em><strong>1864<\/strong><em>, \u00e2g\u00e9e de 60 ans<\/em><\/li>\n<\/ul>\n<h2><\/h2>\n<p>&nbsp;<\/p>\n","protected":false},"excerpt":{"rendered":"<p>Mis \u00e0 jour le : 01\/05\/2026L\u00e9onard LEMOINE 1788 \u2013 1839 ma\u00e7on et laboureur n\u00e9 \u00e0 La Colomberie (Charri\u00e8re) le 21 d\u00e9cembre 1788 fils de Martial LEMOINE, ma\u00e7on Jeanne TRUFFY, cultivatrice \u25d9 En 1808, L\u00e9onard est r\u00e9form\u00e9 pour d\u00e9faut de taille (1m46). Il \u00e9pouse Anne LEMOINE le 20 f\u00e9vrier 1810 \u00e0 Charri\u00e8re. Ils habitent La Colomberie. ..<\/p>\n<div class=\"clear-fix\"><\/div>\n<p><a href=\"https:\/\/www.lesmaconsdelacreuse.fr\/annuaires\/lettre-l\/l_1168\/\" title=\"Lire la suite...\">Lire la suite<\/a><\/p>\n","protected":false},"author":6,"featured_media":0,"comment_status":"closed","ping_status":"closed","sticky":false,"template":"","format":"standard","meta":{"_acf_changed":false,"_exactmetrics_skip_tracking":false,"_exactmetrics_sitenote_active":false,"_exactmetrics_sitenote_note":"","_exactmetrics_sitenote_category":0,"footnotes":""},"categories":[19],"tags":[],"class_list":["post-7671","post","type-post","status-publish","format-standard","hentry","category-lettre-l"],"acf":[],"_links":{"self":[{"href":"https:\/\/www.lesmaconsdelacreuse.fr\/annuaires\/wp-json\/wp\/v2\/posts\/7671","targetHints":{"allow":["GET"]}}],"collection":[{"href":"https:\/\/www.lesmaconsdelacreuse.fr\/annuaires\/wp-json\/wp\/v2\/posts"}],"about":[{"href":"https:\/\/www.lesmaconsdelacreuse.fr\/annuaires\/wp-json\/wp\/v2\/types\/post"}],"author":[{"embeddable":true,"href":"https:\/\/www.lesmaconsdelacreuse.fr\/annuaires\/wp-json\/wp\/v2\/users\/6"}],"replies":[{"embeddable":true,"href":"https:\/\/www.lesmaconsdelacreuse.fr\/annuaires\/wp-json\/wp\/v2\/comments?post=7671"}],"version-history":[{"count":0,"href":"https:\/\/www.lesmaconsdelacreuse.fr\/annuaires\/wp-json\/wp\/v2\/posts\/7671\/revisions"}],"wp:attachment":[{"href":"https:\/\/www.lesmaconsdelacreuse.fr\/annuaires\/wp-json\/wp\/v2\/media?parent=7671"}],"wp:term":[{"taxonomy":"category","embeddable":true,"href":"https:\/\/www.lesmaconsdelacreuse.fr\/annuaires\/wp-json\/wp\/v2\/categories?post=7671"},{"taxonomy":"post_tag","embeddable":true,"href":"https:\/\/www.lesmaconsdelacreuse.fr\/annuaires\/wp-json\/wp\/v2\/tags?post=7671"}],"curies":[{"name":"wp","href":"https:\/\/api.w.org\/{rel}","templated":true}]}}