{"id":7672,"date":"2019-07-28T13:33:43","date_gmt":"2019-07-28T11:33:43","guid":{"rendered":"http:\/\/lesmaconsdelacreuse.fr\/annuaire\/?p=7672"},"modified":"2020-10-09T08:31:07","modified_gmt":"2020-10-09T06:31:07","slug":"l_1247","status":"publish","type":"post","link":"https:\/\/www.lesmaconsdelacreuse.fr\/annuaires\/lettre-l\/l_1247\/","title":{"rendered":"LENEGRE \u00c9tienne (1754-1799)"},"content":{"rendered":"<p class=\"last-updated\"><strong>Mis \u00e0 jour le :<\/strong> 01\/05\/2026<\/p><h2 style=\"text-align: center;\"><strong>\u00c9tienne LEN\u00c8GRE<\/strong><\/h2>\n<p style=\"text-align: center;\"><strong>\u00c9tienne LENOIR<\/strong><\/p>\n<p style=\"text-align: center;\"><strong>1754 \u2013 1799<\/strong><\/p>\n<p style=\"text-align: center;\"><img loading=\"lazy\" decoding=\"async\" class=\"\" title=\"\" src=\"https:\/\/lesmaconsdelacreuse.fr\/annuaire\/wp-content\/uploads\/2019\/07\/image1-2055.jpg\" alt=\"\" width=\"359\" height=\"90\" data-source-id=\"i.0\" data-asset-id=\"7670\" \/><\/p>\n<h4 style=\"text-align: center;\"><span style=\"color: #008000;\"><strong>ma\u00e7on <\/strong>et<strong> cultivateur<\/strong><\/span><\/h4>\n<p>&nbsp;<\/p>\n<p style=\"text-align: center;\">n\u00e9 au bourg du Monteil-au-Vicomte<\/p>\n<p style=\"text-align: center;\">le 4 septembre 1754<\/p>\n<p style=\"text-align: center;\">fils de<\/p>\n<p style=\"text-align: center;\">Jacques LEN\u00c8GRE,\u00a0<strong><em>\u25ba<\/em><\/strong><a href=\"https:\/\/www.lesmaconsdelacreuse.fr\/annuaires\/wp-content\/uploads\/2019\/08\/COMPAGNON-MA\u00c7ON.png\" target=\"_blank\" rel=\"noopener noreferrer\"><strong><span style=\"color: #008000;\">compagnon ma\u00e7on<\/span><\/strong><\/a><span style=\"color: #008000;\"> \/\u00a0<\/span>Marie TALABAUD<\/p>\n<p style=\"text-align: center;\">laboureurs<\/p>\n<p style=\"text-align: center;\"><span style=\"color: #ffffff;\">\u25d9<\/span><\/p>\n<p><span style=\"color: #ff00ff;\"><strong>En 1774 <\/strong><\/span><em>\u00c9tienne obtient un \u25ba<a href=\"https:\/\/www.lesmaconsdelacreuse.fr\/annuaires\/wp-content\/uploads\/2020\/08\/CONG\u00c9-ou-REMISE.png\" target=\"_blank\" rel=\"noopener noreferrer\">cong\u00e9<\/a> de son cur\u00e9 pour se marier \u00e0 <\/em><strong><span style=\"color: #0000ff;\">Charnay<\/span> <span style=\"color: #0000ff;\">(69)<\/span><\/strong><em> \u00ab\u00a0en Lyonnois\u00a0\u00bb avec Marie <\/em><strong>NOURAUD<\/strong><em>, fille de Sylvain, ma\u00e7on du Monteil-au-Vicomte. Le mariage a lieu le 1er novembre de la m\u00eame ann\u00e9e.<\/em><\/p>\n<p><em>Les \u00e9poux habitent Charnay.<\/em><\/p>\n<p><em>\u00c9tienne revient au Monteil o\u00f9 il d\u00e9c\u00e8de le 6 prairial an VII (25 mai <\/em><strong>1799<\/strong><em>), \u00e2g\u00e9 de 44 ans. <\/em><\/p>\n<p>&nbsp;<\/p>\n","protected":false},"excerpt":{"rendered":"<p>Mis \u00e0 jour le : 01\/05\/2026\u00c9tienne LEN\u00c8GRE \u00c9tienne LENOIR 1754 \u2013 1799 ma\u00e7on et cultivateur &nbsp; n\u00e9 au bourg du Monteil-au-Vicomte le 4 septembre 1754 fils de Jacques LEN\u00c8GRE,\u00a0\u25bacompagnon ma\u00e7on \/\u00a0Marie TALABAUD laboureurs \u25d9 En 1774 \u00c9tienne obtient un \u25bacong\u00e9 de son cur\u00e9 pour se marier \u00e0 Charnay (69) \u00ab\u00a0en Lyonnois\u00a0\u00bb avec Marie NOURAUD, fille ..<\/p>\n<div class=\"clear-fix\"><\/div>\n<p><a href=\"https:\/\/www.lesmaconsdelacreuse.fr\/annuaires\/lettre-l\/l_1247\/\" title=\"Lire la suite...\">Lire la suite<\/a><\/p>\n","protected":false},"author":6,"featured_media":0,"comment_status":"closed","ping_status":"closed","sticky":false,"template":"","format":"standard","meta":{"_acf_changed":false,"_exactmetrics_skip_tracking":false,"_exactmetrics_sitenote_active":false,"_exactmetrics_sitenote_note":"","_exactmetrics_sitenote_category":0,"footnotes":""},"categories":[19],"tags":[],"class_list":["post-7672","post","type-post","status-publish","format-standard","hentry","category-lettre-l"],"acf":[],"_links":{"self":[{"href":"https:\/\/www.lesmaconsdelacreuse.fr\/annuaires\/wp-json\/wp\/v2\/posts\/7672","targetHints":{"allow":["GET"]}}],"collection":[{"href":"https:\/\/www.lesmaconsdelacreuse.fr\/annuaires\/wp-json\/wp\/v2\/posts"}],"about":[{"href":"https:\/\/www.lesmaconsdelacreuse.fr\/annuaires\/wp-json\/wp\/v2\/types\/post"}],"author":[{"embeddable":true,"href":"https:\/\/www.lesmaconsdelacreuse.fr\/annuaires\/wp-json\/wp\/v2\/users\/6"}],"replies":[{"embeddable":true,"href":"https:\/\/www.lesmaconsdelacreuse.fr\/annuaires\/wp-json\/wp\/v2\/comments?post=7672"}],"version-history":[{"count":0,"href":"https:\/\/www.lesmaconsdelacreuse.fr\/annuaires\/wp-json\/wp\/v2\/posts\/7672\/revisions"}],"wp:attachment":[{"href":"https:\/\/www.lesmaconsdelacreuse.fr\/annuaires\/wp-json\/wp\/v2\/media?parent=7672"}],"wp:term":[{"taxonomy":"category","embeddable":true,"href":"https:\/\/www.lesmaconsdelacreuse.fr\/annuaires\/wp-json\/wp\/v2\/categories?post=7672"},{"taxonomy":"post_tag","embeddable":true,"href":"https:\/\/www.lesmaconsdelacreuse.fr\/annuaires\/wp-json\/wp\/v2\/tags?post=7672"}],"curies":[{"name":"wp","href":"https:\/\/api.w.org\/{rel}","templated":true}]}}