{"id":7680,"date":"2019-07-28T13:33:43","date_gmt":"2019-07-28T11:33:43","guid":{"rendered":"http:\/\/lesmaconsdelacreuse.fr\/annuaire\/?p=7680"},"modified":"2020-01-20T11:29:14","modified_gmt":"2020-01-20T10:29:14","slug":"l_1257","status":"publish","type":"post","link":"https:\/\/www.lesmaconsdelacreuse.fr\/annuaires\/lettre-l\/l_1257\/","title":{"rendered":"LENOIR Fran\u00e7ois (1763-apr\u00e8s 1800)"},"content":{"rendered":"<p class=\"last-updated\"><strong>Mis \u00e0 jour le :<\/strong> 01\/05\/2026<\/p><h2 style=\"text-align: center;\"><strong>Fran\u00e7ois LENOIR<\/strong><\/h2>\n<p style=\"text-align: center;\"><strong>1763 \u2013 apr\u00e8s 1800<\/strong><\/p>\n<p style=\"text-align: center;\"><img decoding=\"async\" title=\"\" src=\"https:\/\/lesmaconsdelacreuse.fr\/annuaire\/wp-content\/uploads\/2019\/07\/image1-2057.jpg\" alt=\"\" data-asset-id=\"7675\" data-source-id=\"i.0\" \/><\/p>\n<h4 style=\"text-align: center;\"><span style=\"color: #008000;\"><strong>ma\u00e7on<\/strong><\/span><\/h4>\n<p style=\"text-align: center;\">n\u00e9 \u00e0 Boussac (Saint-Martin-Ch\u00e2teau)<\/p>\n<p style=\"text-align: center;\">le 6 juillet 1763<\/p>\n<p style=\"text-align: center;\">fils de<\/p>\n<p style=\"text-align: center;\">Antoine LENOIR \/ L\u00e9onarde NICOUT<\/p>\n<p style=\"text-align: center;\">laboureurs<\/p>\n<p style=\"text-align: center;\"><span style=\"color: #ffffff;\">\u25d9<\/span><\/p>\n<p><em>Fran\u00e7ois \u00e9pouse L\u00e9onarde <\/em><strong>G\u00c9RY<\/strong><em>, veuve de L\u00e9onard NICOUT, ma\u00e7on,<\/em> <em>le 31 janvier <\/em><strong>1785<\/strong><em> \u00e0 Roy\u00e8re (contrat Coutisson).<\/em><\/p>\n<p><em> Ils habitent Boussac. <\/em><\/p>\n<p><em>L\u00e9onarde y d\u00e9c\u00e8de le 31 janvier <\/em><strong>1793<\/strong><em>, \u00e2g\u00e9e de 27 ans.<\/em><\/p>\n","protected":false},"excerpt":{"rendered":"<p>Mis \u00e0 jour le : 01\/05\/2026Fran\u00e7ois LENOIR 1763 \u2013 apr\u00e8s 1800 ma\u00e7on n\u00e9 \u00e0 Boussac (Saint-Martin-Ch\u00e2teau) le 6 juillet 1763 fils de Antoine LENOIR \/ L\u00e9onarde NICOUT laboureurs \u25d9 Fran\u00e7ois \u00e9pouse L\u00e9onarde G\u00c9RY, veuve de L\u00e9onard NICOUT, ma\u00e7on, le 31 janvier 1785 \u00e0 Roy\u00e8re (contrat Coutisson). Ils habitent Boussac. L\u00e9onarde y d\u00e9c\u00e8de le 31 janvier ..<\/p>\n<div class=\"clear-fix\"><\/div>\n<p><a href=\"https:\/\/www.lesmaconsdelacreuse.fr\/annuaires\/lettre-l\/l_1257\/\" title=\"Lire la suite...\">Lire la suite<\/a><\/p>\n","protected":false},"author":2,"featured_media":0,"comment_status":"closed","ping_status":"closed","sticky":false,"template":"","format":"standard","meta":{"_acf_changed":false,"_exactmetrics_skip_tracking":false,"_exactmetrics_sitenote_active":false,"_exactmetrics_sitenote_note":"","_exactmetrics_sitenote_category":0,"footnotes":""},"categories":[19],"tags":[],"class_list":["post-7680","post","type-post","status-publish","format-standard","hentry","category-lettre-l"],"acf":[],"_links":{"self":[{"href":"https:\/\/www.lesmaconsdelacreuse.fr\/annuaires\/wp-json\/wp\/v2\/posts\/7680","targetHints":{"allow":["GET"]}}],"collection":[{"href":"https:\/\/www.lesmaconsdelacreuse.fr\/annuaires\/wp-json\/wp\/v2\/posts"}],"about":[{"href":"https:\/\/www.lesmaconsdelacreuse.fr\/annuaires\/wp-json\/wp\/v2\/types\/post"}],"author":[{"embeddable":true,"href":"https:\/\/www.lesmaconsdelacreuse.fr\/annuaires\/wp-json\/wp\/v2\/users\/2"}],"replies":[{"embeddable":true,"href":"https:\/\/www.lesmaconsdelacreuse.fr\/annuaires\/wp-json\/wp\/v2\/comments?post=7680"}],"version-history":[{"count":0,"href":"https:\/\/www.lesmaconsdelacreuse.fr\/annuaires\/wp-json\/wp\/v2\/posts\/7680\/revisions"}],"wp:attachment":[{"href":"https:\/\/www.lesmaconsdelacreuse.fr\/annuaires\/wp-json\/wp\/v2\/media?parent=7680"}],"wp:term":[{"taxonomy":"category","embeddable":true,"href":"https:\/\/www.lesmaconsdelacreuse.fr\/annuaires\/wp-json\/wp\/v2\/categories?post=7680"},{"taxonomy":"post_tag","embeddable":true,"href":"https:\/\/www.lesmaconsdelacreuse.fr\/annuaires\/wp-json\/wp\/v2\/tags?post=7680"}],"curies":[{"name":"wp","href":"https:\/\/api.w.org\/{rel}","templated":true}]}}