{"id":7681,"date":"2019-07-28T13:33:43","date_gmt":"2019-07-28T11:33:43","guid":{"rendered":"http:\/\/lesmaconsdelacreuse.fr\/annuaire\/?p=7681"},"modified":"2020-01-20T11:29:14","modified_gmt":"2020-01-20T10:29:14","slug":"l_1188","status":"publish","type":"post","link":"https:\/\/www.lesmaconsdelacreuse.fr\/annuaires\/lettre-l\/l_1188\/","title":{"rendered":"LENOBLE Jean (1803-1875)"},"content":{"rendered":"<p class=\"last-updated\"><strong>Mis \u00e0 jour le :<\/strong> 01\/05\/2026<\/p><h2 style=\"text-align: center;\"><strong>Jean LENOBLE<\/strong><\/h2>\n<p style=\"text-align: center;\"><strong>1803 \u2013 1875<\/strong><\/p>\n<p style=\"text-align: center;\"><img decoding=\"async\" title=\"\" src=\"https:\/\/lesmaconsdelacreuse.fr\/annuaire\/wp-content\/uploads\/2019\/07\/image1-2058.jpg\" alt=\"\" data-source-id=\"i.0\" data-asset-id=\"7677\" \/><\/p>\n<h4 style=\"text-align: center;\"><span style=\"color: #008000;\"><strong>ma\u00e7on <\/strong>et<strong> cultivateur<\/strong><\/span><\/h4>\n<p style=\"text-align: center;\">n\u00e9 dans la commune de Peyrat-le-Ch\u00e2teau (87)<\/p>\n<p style=\"text-align: center;\">le 9 prairial an XI (29 mai 1803)<\/p>\n<p style=\"text-align: center;\"><em>selon son acte de mariage<\/em><\/p>\n<p style=\"text-align: center;\">fils de<\/p>\n<p style=\"text-align: center;\">Germain LENOBLE \/ Fran\u00e7oise ANGLERAUD<\/p>\n<p style=\"text-align: center;\"><span style=\"color: #ffffff;\">\u25d9<\/span><\/p>\n<p><em>Jean \u00e9pouse Marguerite <\/em><strong>VIALATOUX<\/strong><em> le 13 f\u00e9vrier <\/em><strong>1828<\/strong> <em>\u00e0 Peyrat (contrat Defournoux \u00e0 Nedde).<\/em><\/p>\n<p><em>Marguerite d\u00e9c\u00e8de \u00e0 Malleret, commune de Peyrat, le 27 mars <\/em><strong>1852<\/strong><em>, \u00e2g\u00e9e de 46 ans.<\/em><\/p>\n<p><em> Jean se remarie le 16 mars <\/em><strong>1863<\/strong><em> \u00e0 Saint-Pardoux-Lavaud avec Anne <\/em><strong>SIMONET<\/strong><em>, veuve de Fran\u00e7ois LAMOULINE (mari\u00e9s sans contrat). Ils habitent Buze.<\/em><\/p>\n<p><em> Ils y d\u00e9c\u00e8dent\u00a0:<\/em><\/p>\n<ul>\n<li><em>Jean, le 3 d\u00e9cembre <\/em><strong>1875<\/strong><em>, \u00e2g\u00e9 de 72 ans<\/em><\/li>\n<li><em>Anne, le 22 janvier <\/em><strong>1885<\/strong><em>, \u00e2g\u00e9e de 71 ans<\/em><\/li>\n<\/ul>\n","protected":false},"excerpt":{"rendered":"<p>Mis \u00e0 jour le : 01\/05\/2026Jean LENOBLE 1803 \u2013 1875 ma\u00e7on et cultivateur n\u00e9 dans la commune de Peyrat-le-Ch\u00e2teau (87) le 9 prairial an XI (29 mai 1803) selon son acte de mariage fils de Germain LENOBLE \/ Fran\u00e7oise ANGLERAUD \u25d9 Jean \u00e9pouse Marguerite VIALATOUX le 13 f\u00e9vrier 1828 \u00e0 Peyrat (contrat Defournoux \u00e0 Nedde). ..<\/p>\n<div class=\"clear-fix\"><\/div>\n<p><a href=\"https:\/\/www.lesmaconsdelacreuse.fr\/annuaires\/lettre-l\/l_1188\/\" title=\"Lire la suite...\">Lire la suite<\/a><\/p>\n","protected":false},"author":2,"featured_media":0,"comment_status":"closed","ping_status":"closed","sticky":false,"template":"","format":"standard","meta":{"_acf_changed":false,"_exactmetrics_skip_tracking":false,"_exactmetrics_sitenote_active":false,"_exactmetrics_sitenote_note":"","_exactmetrics_sitenote_category":0,"footnotes":""},"categories":[19],"tags":[],"class_list":["post-7681","post","type-post","status-publish","format-standard","hentry","category-lettre-l"],"acf":[],"_links":{"self":[{"href":"https:\/\/www.lesmaconsdelacreuse.fr\/annuaires\/wp-json\/wp\/v2\/posts\/7681","targetHints":{"allow":["GET"]}}],"collection":[{"href":"https:\/\/www.lesmaconsdelacreuse.fr\/annuaires\/wp-json\/wp\/v2\/posts"}],"about":[{"href":"https:\/\/www.lesmaconsdelacreuse.fr\/annuaires\/wp-json\/wp\/v2\/types\/post"}],"author":[{"embeddable":true,"href":"https:\/\/www.lesmaconsdelacreuse.fr\/annuaires\/wp-json\/wp\/v2\/users\/2"}],"replies":[{"embeddable":true,"href":"https:\/\/www.lesmaconsdelacreuse.fr\/annuaires\/wp-json\/wp\/v2\/comments?post=7681"}],"version-history":[{"count":0,"href":"https:\/\/www.lesmaconsdelacreuse.fr\/annuaires\/wp-json\/wp\/v2\/posts\/7681\/revisions"}],"wp:attachment":[{"href":"https:\/\/www.lesmaconsdelacreuse.fr\/annuaires\/wp-json\/wp\/v2\/media?parent=7681"}],"wp:term":[{"taxonomy":"category","embeddable":true,"href":"https:\/\/www.lesmaconsdelacreuse.fr\/annuaires\/wp-json\/wp\/v2\/categories?post=7681"},{"taxonomy":"post_tag","embeddable":true,"href":"https:\/\/www.lesmaconsdelacreuse.fr\/annuaires\/wp-json\/wp\/v2\/tags?post=7681"}],"curies":[{"name":"wp","href":"https:\/\/api.w.org\/{rel}","templated":true}]}}