{"id":7683,"date":"2019-07-28T13:33:43","date_gmt":"2019-07-28T11:33:43","guid":{"rendered":"http:\/\/lesmaconsdelacreuse.fr\/annuaire\/?p=7683"},"modified":"2023-01-04T07:59:36","modified_gmt":"2023-01-04T06:59:36","slug":"l_1244","status":"publish","type":"post","link":"https:\/\/www.lesmaconsdelacreuse.fr\/annuaires\/lettre-l\/l_1244\/","title":{"rendered":"LENOIR \u00c9tienne (1675-avant 1705)"},"content":{"rendered":"<p class=\"last-updated\"><strong>Mis \u00e0 jour le :<\/strong> 01\/05\/2026<\/p><h2 style=\"text-align: center;\"><strong>\u00c9tienne LENOIR<\/strong><\/h2>\n<p style=\"text-align: center;\"><strong>1675 \u2013 avant 1705<\/strong><\/p>\n<p style=\"text-align: center;\"><img decoding=\"async\" title=\"\" src=\"https:\/\/lesmaconsdelacreuse.fr\/annuaire\/wp-content\/uploads\/2019\/07\/image1-2059.jpg\" alt=\"\" data-source-id=\"i.0\" data-asset-id=\"7678\" \/><\/p>\n<h4 style=\"text-align: center;\"><span style=\"color: #008000;\"><strong>ma\u00e7on<\/strong><\/span><\/h4>\n<p>&nbsp;<\/p>\n<p style=\"text-align: center;\">n\u00e9 \u00e0 Jeansanetas (Roy\u00e8re)<\/p>\n<p style=\"text-align: center;\">le 17 juin 1675<\/p>\n<p style=\"text-align: center;\">fils de<\/p>\n<p style=\"text-align: center;\">Antoine LENOIR, <span style=\"color: #008000;\"><strong>ma\u00e7on <\/strong><\/span><strong>\/ <\/strong>Anne CHABARLEIN<\/p>\n<p style=\"text-align: center;\">\u25ba<a href=\"https:\/\/www.lesmaconsdelacreuse.fr\/annuaires\/wp-content\/uploads\/2020\/08\/FERMIER-M\u00c9TAYER.png\" target=\"_blank\" rel=\"noopener noreferrer\">m\u00e9tayers<\/a><\/p>\n<p style=\"text-align: center;\"><span style=\"color: #ffffff;\">\u25d9<\/span><\/p>\n<p><em>\u00c9tienne \u00e9pouse Jeanne <\/em><strong>NOTTE<\/strong><em> le 4 f\u00e9vrier <\/em><strong>1700<\/strong><em> \u00e0 Roy\u00e8re. Ils habitent Jeansanetas. <\/em><\/p>\n<p><em>\u00c9tienne d\u00e9c\u00e8de \u00e0 <\/em><span style=\"color: #0000ff;\"><strong>Sologny (71)<\/strong> <\/span><span style=\"color: #ff00ff;\"><strong>avant 1705<\/strong><\/span><em>. <\/em><\/p>\n<p><em>Sa veuve se remarie en 1706 avec Gilbert LEROUDIER, ma\u00e7on, et d\u00e9c\u00e8de veuve le 26 mars 1755 \u00e0 Favareillas, paroisse de Saint-Martin-Ch\u00e2teau, \u00e2g\u00e9e de 72 ans.<\/em><\/p>\n<p>S17<\/p>\n<p>&nbsp;<\/p>\n","protected":false},"excerpt":{"rendered":"<p>Mis \u00e0 jour le : 01\/05\/2026\u00c9tienne LENOIR 1675 \u2013 avant 1705 ma\u00e7on &nbsp; n\u00e9 \u00e0 Jeansanetas (Roy\u00e8re) le 17 juin 1675 fils de Antoine LENOIR, ma\u00e7on \/ Anne CHABARLEIN \u25bam\u00e9tayers \u25d9 \u00c9tienne \u00e9pouse Jeanne NOTTE le 4 f\u00e9vrier 1700 \u00e0 Roy\u00e8re. Ils habitent Jeansanetas. \u00c9tienne d\u00e9c\u00e8de \u00e0 Sologny (71) avant 1705. Sa veuve se remarie ..<\/p>\n<div class=\"clear-fix\"><\/div>\n<p><a href=\"https:\/\/www.lesmaconsdelacreuse.fr\/annuaires\/lettre-l\/l_1244\/\" title=\"Lire la suite...\">Lire la suite<\/a><\/p>\n","protected":false},"author":6,"featured_media":0,"comment_status":"closed","ping_status":"closed","sticky":false,"template":"","format":"standard","meta":{"_acf_changed":false,"_exactmetrics_skip_tracking":false,"_exactmetrics_sitenote_active":false,"_exactmetrics_sitenote_note":"","_exactmetrics_sitenote_category":0,"footnotes":""},"categories":[19],"tags":[],"class_list":["post-7683","post","type-post","status-publish","format-standard","hentry","category-lettre-l"],"acf":[],"_links":{"self":[{"href":"https:\/\/www.lesmaconsdelacreuse.fr\/annuaires\/wp-json\/wp\/v2\/posts\/7683","targetHints":{"allow":["GET"]}}],"collection":[{"href":"https:\/\/www.lesmaconsdelacreuse.fr\/annuaires\/wp-json\/wp\/v2\/posts"}],"about":[{"href":"https:\/\/www.lesmaconsdelacreuse.fr\/annuaires\/wp-json\/wp\/v2\/types\/post"}],"author":[{"embeddable":true,"href":"https:\/\/www.lesmaconsdelacreuse.fr\/annuaires\/wp-json\/wp\/v2\/users\/6"}],"replies":[{"embeddable":true,"href":"https:\/\/www.lesmaconsdelacreuse.fr\/annuaires\/wp-json\/wp\/v2\/comments?post=7683"}],"version-history":[{"count":1,"href":"https:\/\/www.lesmaconsdelacreuse.fr\/annuaires\/wp-json\/wp\/v2\/posts\/7683\/revisions"}],"predecessor-version":[{"id":203643,"href":"https:\/\/www.lesmaconsdelacreuse.fr\/annuaires\/wp-json\/wp\/v2\/posts\/7683\/revisions\/203643"}],"wp:attachment":[{"href":"https:\/\/www.lesmaconsdelacreuse.fr\/annuaires\/wp-json\/wp\/v2\/media?parent=7683"}],"wp:term":[{"taxonomy":"category","embeddable":true,"href":"https:\/\/www.lesmaconsdelacreuse.fr\/annuaires\/wp-json\/wp\/v2\/categories?post=7683"},{"taxonomy":"post_tag","embeddable":true,"href":"https:\/\/www.lesmaconsdelacreuse.fr\/annuaires\/wp-json\/wp\/v2\/tags?post=7683"}],"curies":[{"name":"wp","href":"https:\/\/api.w.org\/{rel}","templated":true}]}}