{"id":7691,"date":"2019-07-28T13:33:42","date_gmt":"2019-07-28T11:33:42","guid":{"rendered":"http:\/\/lesmaconsdelacreuse.fr\/annuaire\/?p=7691"},"modified":"2020-01-20T11:29:16","modified_gmt":"2020-01-20T10:29:16","slug":"l_1243","status":"publish","type":"post","link":"https:\/\/www.lesmaconsdelacreuse.fr\/annuaires\/lettre-l\/l_1243\/","title":{"rendered":"LENOIR \u00c9mile (1902-1971)"},"content":{"rendered":"<p class=\"last-updated\"><strong>Mis \u00e0 jour le :<\/strong> 01\/05\/2026<\/p><h2 style=\"text-align: center;\"><strong>\u00c9mile LENOIR<\/strong><\/h2>\n<p style=\"text-align: center;\"><strong>1902 \u2013 1971<\/strong><\/p>\n<p style=\"text-align: center;\"><img decoding=\"async\" title=\"\" src=\"https:\/\/lesmaconsdelacreuse.fr\/annuaire\/wp-content\/uploads\/2019\/07\/image1-2062.jpg\" alt=\"\" data-source-id=\"i.0\" data-asset-id=\"7688\" \/><\/p>\n<h4 style=\"text-align: center;\"><span style=\"color: #008000;\"><strong>ma\u00e7on <\/strong>et<strong> pl\u00e2trier<\/strong><\/span><\/h4>\n<p style=\"text-align: center;\">n\u00e9 \u00e0 La Villatte (Saint-Junien-la-Breg\u00e8re)<\/p>\n<p style=\"text-align: center;\">le 1er ao\u00fbt 1902<\/p>\n<p style=\"text-align: center;\">fils de<\/p>\n<p style=\"text-align: center;\">L\u00e9onard LENOIR \/ Jeanne Marie SAURIAT<\/p>\n<p style=\"text-align: center;\">cultivateurs<\/p>\n<p style=\"text-align: center;\"><span style=\"color: #ffffff;\">\u25d9<\/span><\/p>\n<p><em>\u00c9mile \u00e9pouse Marie-Louise <\/em><strong>P\u00c9CHALAT<\/strong><em> le 25 f\u00e9vrier <\/em><strong>1928<\/strong><em> \u00e0 Roy\u00e8re (contrat Toumieux). <\/em><\/p>\n<p><em>Il est domicili\u00e9 avec son \u00e9pouse \u00e0 <\/em><span style=\"color: #0000ff;\"><strong>Viry-Ch\u00e2tillon (91)<\/strong><\/span><em>.<\/em><\/p>\n<p><em>A une \u00e9poque, ils habitent <\/em><span style=\"color: #0000ff;\"><strong>Vanves (92)<\/strong><\/span><em>.<\/em><\/p>\n<p><em>Les \u00e9poux d\u00e9c\u00e8dent \u00e0 Roy\u00e8re\u00a0:<\/em><\/p>\n<ul>\n<li><em>\u00c9mile, le 14 juillet <\/em><strong>1971<\/strong><em>, \u00e2g\u00e9 de 68 ans<\/em><\/li>\n<li><em>Marie-Louise, le 5 mai <\/em><strong>1984<\/strong><em>, \u00e2g\u00e9e de 80 ans<\/em><\/li>\n<\/ul>\n","protected":false},"excerpt":{"rendered":"<p>Mis \u00e0 jour le : 01\/05\/2026\u00c9mile LENOIR 1902 \u2013 1971 ma\u00e7on et pl\u00e2trier n\u00e9 \u00e0 La Villatte (Saint-Junien-la-Breg\u00e8re) le 1er ao\u00fbt 1902 fils de L\u00e9onard LENOIR \/ Jeanne Marie SAURIAT cultivateurs \u25d9 \u00c9mile \u00e9pouse Marie-Louise P\u00c9CHALAT le 25 f\u00e9vrier 1928 \u00e0 Roy\u00e8re (contrat Toumieux). Il est domicili\u00e9 avec son \u00e9pouse \u00e0 Viry-Ch\u00e2tillon (91). A une ..<\/p>\n<div class=\"clear-fix\"><\/div>\n<p><a href=\"https:\/\/www.lesmaconsdelacreuse.fr\/annuaires\/lettre-l\/l_1243\/\" title=\"Lire la suite...\">Lire la suite<\/a><\/p>\n","protected":false},"author":6,"featured_media":0,"comment_status":"closed","ping_status":"closed","sticky":false,"template":"","format":"standard","meta":{"_acf_changed":false,"_exactmetrics_skip_tracking":false,"_exactmetrics_sitenote_active":false,"_exactmetrics_sitenote_note":"","_exactmetrics_sitenote_category":0,"footnotes":""},"categories":[19],"tags":[],"class_list":["post-7691","post","type-post","status-publish","format-standard","hentry","category-lettre-l"],"acf":[],"_links":{"self":[{"href":"https:\/\/www.lesmaconsdelacreuse.fr\/annuaires\/wp-json\/wp\/v2\/posts\/7691","targetHints":{"allow":["GET"]}}],"collection":[{"href":"https:\/\/www.lesmaconsdelacreuse.fr\/annuaires\/wp-json\/wp\/v2\/posts"}],"about":[{"href":"https:\/\/www.lesmaconsdelacreuse.fr\/annuaires\/wp-json\/wp\/v2\/types\/post"}],"author":[{"embeddable":true,"href":"https:\/\/www.lesmaconsdelacreuse.fr\/annuaires\/wp-json\/wp\/v2\/users\/6"}],"replies":[{"embeddable":true,"href":"https:\/\/www.lesmaconsdelacreuse.fr\/annuaires\/wp-json\/wp\/v2\/comments?post=7691"}],"version-history":[{"count":0,"href":"https:\/\/www.lesmaconsdelacreuse.fr\/annuaires\/wp-json\/wp\/v2\/posts\/7691\/revisions"}],"wp:attachment":[{"href":"https:\/\/www.lesmaconsdelacreuse.fr\/annuaires\/wp-json\/wp\/v2\/media?parent=7691"}],"wp:term":[{"taxonomy":"category","embeddable":true,"href":"https:\/\/www.lesmaconsdelacreuse.fr\/annuaires\/wp-json\/wp\/v2\/categories?post=7691"},{"taxonomy":"post_tag","embeddable":true,"href":"https:\/\/www.lesmaconsdelacreuse.fr\/annuaires\/wp-json\/wp\/v2\/tags?post=7691"}],"curies":[{"name":"wp","href":"https:\/\/api.w.org\/{rel}","templated":true}]}}